{"id":990,"date":"2025-07-18T17:01:36","date_gmt":"2025-07-18T17:01:36","guid":{"rendered":"https:\/\/correntinoticias.com\/?p=990"},"modified":"2025-07-18T17:01:36","modified_gmt":"2025-07-18T17:01:36","slug":"bebe-de-un-ano-fue-hospitalizado-tras-la-explosion-de-un-caloventor","status":"publish","type":"post","link":"https:\/\/correntinoticias.com\/index.php\/2025\/07\/18\/bebe-de-un-ano-fue-hospitalizado-tras-la-explosion-de-un-caloventor\/","title":{"rendered":"BEB\u00c9 DE UN A\u00d1O FUE HOSPITALIZADO TRAS LA EXPLOSI\u00d3N DE UN CALOVENTOR"},"content":{"rendered":"\n<p>El artefacto provoc\u00f3 un incendio en plena madrugada. El menor fue atendido en un centro de salud y se encuentra fuera de peligro.<\/p>\n\n\n\n<p>Un beb\u00e9 de un a\u00f1o fue hospitalizado luego de la explosi\u00f3n de un caloventor que provoc\u00f3 un incendio en una vivienda del barrio Venezuela, en Tunuy\u00e1n, Mendoza. El hecho ocurri\u00f3 durante la madrugada de este jueves y gener\u00f3 gran preocupaci\u00f3n en la comunidad.<\/p>\n\n\n\n<p>Seg\u00fan relataron fuentes policiales, el siniestro se desat\u00f3 cerca de las 3:30 cuando el artefacto calefactor fall\u00f3 y gener\u00f3 una explosi\u00f3n mientras una joven de 20 a\u00f1os dorm\u00eda junto a su hijo. La mujer logr\u00f3 pedir ayuda a tiempo y fue clave, junto a la asistencia de vecinos, para que el fuego no se expandiera por toda la vivienda.<\/p>\n\n\n\n<p>Bomberos y personal de emergencias acudieron r\u00e1pidamente al lugar y lograron controlar las llamas. Si bien no se registraron da\u00f1os estructurales graves, el beb\u00e9 fue trasladado a un centro asistencial para su control. Seg\u00fan el parte m\u00e9dico, se encontraba en buen estado general y no present\u00f3 lesiones por inhalaci\u00f3n de humo ni heridas visibles. Fue dado de alta pocas horas despu\u00e9s, tras permanecer en observaci\u00f3n por precauci\u00f3n.<\/p>\n\n\n\n<p>La joven madre tambi\u00e9n fue asistida en el lugar y no requiri\u00f3 atenci\u00f3n m\u00e9dica adicional.<\/p>\n\n\n\n<p>Los peritajes preliminares apuntan a una falla t\u00e9cnica en el caloventor como causa del incidente. Desde Bomberos recomendaron revisar peri\u00f3dicamente el estado de los artefactos el\u00e9ctricos y evitar su uso prolongado o en espacios cerrados sin ventilaci\u00f3n.<\/p>\n","protected":false},"excerpt":{"rendered":"<p>El artefacto provoc\u00f3 un incendio en plena madrugada. El menor fue atendido en un centro [&hellip;]<\/p>\n","protected":false},"author":1,"featured_media":991,"comment_status":"open","ping_status":"open","sticky":false,"template":"","format":"standard","meta":{"footnotes":""},"categories":[1],"tags":[],"_links":{"self":[{"href":"https:\/\/correntinoticias.com\/index.php\/wp-json\/wp\/v2\/posts\/990"}],"collection":[{"href":"https:\/\/correntinoticias.com\/index.php\/wp-json\/wp\/v2\/posts"}],"about":[{"href":"https:\/\/correntinoticias.com\/index.php\/wp-json\/wp\/v2\/types\/post"}],"author":[{"embeddable":true,"href":"https:\/\/correntinoticias.com\/index.php\/wp-json\/wp\/v2\/users\/1"}],"replies":[{"embeddable":true,"href":"https:\/\/correntinoticias.com\/index.php\/wp-json\/wp\/v2\/comments?post=990"}],"version-history":[{"count":1,"href":"https:\/\/correntinoticias.com\/index.php\/wp-json\/wp\/v2\/posts\/990\/revisions"}],"predecessor-version":[{"id":992,"href":"https:\/\/correntinoticias.com\/index.php\/wp-json\/wp\/v2\/posts\/990\/revisions\/992"}],"wp:featuredmedia":[{"embeddable":true,"href":"https:\/\/correntinoticias.com\/index.php\/wp-json\/wp\/v2\/media\/991"}],"wp:attachment":[{"href":"https:\/\/correntinoticias.com\/index.php\/wp-json\/wp\/v2\/media?parent=990"}],"wp:term":[{"taxonomy":"category","embeddable":true,"href":"https:\/\/correntinoticias.com\/index.php\/wp-json\/wp\/v2\/categories?post=990"},{"taxonomy":"post_tag","embeddable":true,"href":"https:\/\/correntinoticias.com\/index.php\/wp-json\/wp\/v2\/tags?post=990"}],"curies":[{"name":"wp","href":"https:\/\/api.w.org\/{rel}","templated":true}]}}