{"id":984,"date":"2025-07-18T16:59:30","date_gmt":"2025-07-18T16:59:30","guid":{"rendered":"https:\/\/correntinoticias.com\/?p=984"},"modified":"2025-07-18T17:06:09","modified_gmt":"2025-07-18T17:06:09","slug":"salud-de-locomotora-por-que-la-operaron-y-como-sigue-su-estado","status":"publish","type":"post","link":"https:\/\/correntinoticias.com\/index.php\/2025\/07\/18\/salud-de-locomotora-por-que-la-operaron-y-como-sigue-su-estado\/","title":{"rendered":"SALUD DE &#8220;LOCOMOTORA&#8221;: POR QU\u00c9 LA OPERARON Y C\u00d3MO SIGUE SU ESTADO"},"content":{"rendered":"\n<p>Tras la intervenci\u00f3n quir\u00fargica, la exboxeadora permanece internada con asistencia mec\u00e1nica y bajo un estado de \u201cinconsciencia controlada por el equipo m\u00e9dico\u201d &nbsp;<\/p>\n\n\n\n<p>En un nuevo parte m\u00e9dico tras la&nbsp;operaci\u00f3n de urgencia&nbsp;a la que fue sometida la&nbsp;exboxeadora Alejandra \u201cLocomotora\u201d Oliveras, el director m\u00e9dico del Hospital Jos\u00e9 Mar\u00eda Cullen, Bruno Moroni, explic\u00f3 que&nbsp;la deportista de 47 a\u00f1os se encuentra en estado \u201cmuy cr\u00edtico\u201d y que es \u201ctrascendental la estabilidad cl\u00ednica en estas 24 horas tras la intervenci\u00f3n quir\u00fargica\u201d.<\/p>\n\n\n\n<p>\u201cAyer [por este mi\u00e9rcoles] se le practic\u00f3 la cirug\u00eda ante un cuadro de hipertensi\u00f3n para que esa presi\u00f3n de la sangre no comprometiera otras \u00e1reas del cerebro\u201d, explic\u00f3 el directivo sanitario en conferencia de prensa. Dijo, a su vez, que desde entonces&nbsp;Oliveras permanece internada con asistencia mec\u00e1nica y bajo un estado de \u201cinconsciencia controlada por el equipo m\u00e9dico\u201d.<\/p>\n\n\n\n<p>Moroni dijo que la operaci\u00f3n signific\u00f3 un cambio en lo que se ven\u00eda haciendo y que se la est\u00e1 controlando cl\u00ednicamente con todo el equipo m\u00e9dico de terapia intensiva m\u00e1s los especialistas. \u201cLos controles permiten tomar decisiones como la de ayer\u201d, sum\u00f3 el m\u00e9dico.&nbsp;\u201cSe eval\u00faa momento a momento\u201d, reiter\u00f3.<\/p>\n\n\n\n<p>Cuando la exboxeadora multicampeona nacional fue trasladada a ese centro de salud, desde su domicilio, se constat\u00f3 que presentaba un s\u00edndrome confusional asociado a una p\u00e9rdida de la movilidad en el lado izquierdo del cuerpo.<\/p>\n\n\n\n<p>Los estudios determinar\u00edan que&nbsp;Oliveras sufri\u00f3 un accidente cerebrovascular isqu\u00e9mico (ACV) provocado por una obstrucci\u00f3n en una de las arterias. Moroni indic\u00f3 al respecto que&nbsp;se est\u00e1 haciendo un tratamiento m\u00e9dico para que liberara esa obturaci\u00f3n.<\/p>\n\n\n\n<p>Un ACV de ese tipo ocurre cuando se interrumpe el flujo sangu\u00edneo al cerebro, generalmente debido a un co\u00e1gulo. Esta falta de irrigaci\u00f3n puede da\u00f1ar las c\u00e9lulas cerebrales y provocar diversas complicaciones, como la p\u00e9rdida de movilidad, dificultades en el habla y problemas de memoria.<\/p>\n\n\n\n<p><strong>El rol de Oliveras en la pol\u00edtica de Santa Fe<\/strong><\/p>\n\n\n\n<p>\u201cLocomotoras\u201d Oliveras fue electa como convencional constituyente por el bloque Frente de la Esperanza. Es una de las tres representantes de este espacio pol\u00edtico en la&nbsp;convenci\u00f3n que reformar\u00e1 la Carta Magna de la provincia, vigente desde 1962.<\/p>\n\n\n\n<p>La convenci\u00f3n tiene un plazo de 40 d\u00edas corridos para sesionar, con la posibilidad de una pr\u00f3rroga de 20 d\u00edas si as\u00ed lo aprueba la mayor\u00eda absoluta de los convencionales.<\/p>\n","protected":false},"excerpt":{"rendered":"<p>Tras la intervenci\u00f3n quir\u00fargica, la exboxeadora permanece internada con asistencia mec\u00e1nica y bajo un estado [&hellip;]<\/p>\n","protected":false},"author":1,"featured_media":996,"comment_status":"open","ping_status":"open","sticky":false,"template":"","format":"standard","meta":{"footnotes":""},"categories":[1],"tags":[],"_links":{"self":[{"href":"https:\/\/correntinoticias.com\/index.php\/wp-json\/wp\/v2\/posts\/984"}],"collection":[{"href":"https:\/\/correntinoticias.com\/index.php\/wp-json\/wp\/v2\/posts"}],"about":[{"href":"https:\/\/correntinoticias.com\/index.php\/wp-json\/wp\/v2\/types\/post"}],"author":[{"embeddable":true,"href":"https:\/\/correntinoticias.com\/index.php\/wp-json\/wp\/v2\/users\/1"}],"replies":[{"embeddable":true,"href":"https:\/\/correntinoticias.com\/index.php\/wp-json\/wp\/v2\/comments?post=984"}],"version-history":[{"count":1,"href":"https:\/\/correntinoticias.com\/index.php\/wp-json\/wp\/v2\/posts\/984\/revisions"}],"predecessor-version":[{"id":986,"href":"https:\/\/correntinoticias.com\/index.php\/wp-json\/wp\/v2\/posts\/984\/revisions\/986"}],"wp:featuredmedia":[{"embeddable":true,"href":"https:\/\/correntinoticias.com\/index.php\/wp-json\/wp\/v2\/media\/996"}],"wp:attachment":[{"href":"https:\/\/correntinoticias.com\/index.php\/wp-json\/wp\/v2\/media?parent=984"}],"wp:term":[{"taxonomy":"category","embeddable":true,"href":"https:\/\/correntinoticias.com\/index.php\/wp-json\/wp\/v2\/categories?post=984"},{"taxonomy":"post_tag","embeddable":true,"href":"https:\/\/correntinoticias.com\/index.php\/wp-json\/wp\/v2\/tags?post=984"}],"curies":[{"name":"wp","href":"https:\/\/api.w.org\/{rel}","templated":true}]}}