{"id":981,"date":"2025-07-18T16:58:49","date_gmt":"2025-07-18T16:58:49","guid":{"rendered":"https:\/\/correntinoticias.com\/?p=981"},"modified":"2025-07-18T16:58:50","modified_gmt":"2025-07-18T16:58:50","slug":"a-31-anos-del-ataque-a-la-amia-el-mayor-acto-terrorista-en-argentina","status":"publish","type":"post","link":"https:\/\/correntinoticias.com\/index.php\/2025\/07\/18\/a-31-anos-del-ataque-a-la-amia-el-mayor-acto-terrorista-en-argentina\/","title":{"rendered":"A 31 A\u00d1OS DEL ATAQUE A LA AMIA: EL MAYOR ACTO TERRORISTA EN ARGENTINA"},"content":{"rendered":"\n<p>Este viernes 18 de julio se cumple un nuevo aniversario del mayor atentado en la historia argentina, que dej\u00f3 85 muertos y m\u00e1s de 300 heridos. La investigaci\u00f3n a\u00fan no logr\u00f3 condenas, pero en 2025 se habilit\u00f3 el primer juicio en ausencia contra los acusados. &nbsp;<\/p>\n\n\n\n<p>El 18 de julio de 1994, a las 9.53 de la ma\u00f1ana, un coche bomba explot\u00f3 frente a la sede de la Asociaci\u00f3n Mutual Israelita Argentina (AMIA), en la calle Pasteur 633, en el barrio porte\u00f1o de Once. El atentado dej\u00f3 85 v\u00edctimas fatales y m\u00e1s de 300 personas heridas. Se convirti\u00f3 en el ataque terrorista m\u00e1s grande sufrido en el pa\u00eds.<\/p>\n\n\n\n<p>Como cada a\u00f1o, la AMIA organiz\u00f3 un acto central para este jueves a las 9.30 en el mismo lugar del atentado. A las 9.53 se hizo sonar una sirena y se realiz\u00f3 un minuto de silencio en homenaje a las v\u00edctimas. Durante la ceremonia se levantaron retratos de los fallecidos y se record\u00f3 a cada uno de ellos por su nombre. El acto cont\u00f3 con la participaci\u00f3n de familiares, referentes comunitarios y funcionarios. Tambi\u00e9n estuvo presente el artista Germ\u00e1n Tripel, quien fue el encargado de la parte musical del tributo.<\/p>\n\n\n\n<p>En esta ocasi\u00f3n, se present\u00f3 una producci\u00f3n audiovisual titulada \u201cAniversarios\u201d, realizada por la AMIA, con la voz de Ricardo Dar\u00edn y el acompa\u00f1amiento de la DAIA y de los familiares de las v\u00edctimas.<\/p>\n\n\n\n<p>A m\u00e1s de tres d\u00e9cadas del atentado, la causa judicial a\u00fan no tiene condenados en Argentina. En junio de 2025, sin embargo, se autoriz\u00f3 por primera vez un juicio en ausencia contra acusados iran\u00edes y libaneses, lo que reaviv\u00f3 las esperanzas de las familias.<\/p>\n\n\n\n<p>La Corte Interamericana de Derechos Humanos responsabiliz\u00f3 al Estado argentino por no haber cumplido con su deber de investigar y esclarecer el ataque. La Justicia local sostiene como hip\u00f3tesis principal la autor\u00eda del grupo Hezbollah, con apoyo del gobierno de Ir\u00e1n y una conexi\u00f3n local que facilit\u00f3 el atentado.<\/p>\n\n\n\n<p>Este atentado, junto con el ataque a la Embajada de Israel ocurrido en 1992, permanece impune. Cada aniversario cumple un doble rol: recordar a las v\u00edctimas y renovar el reclamo de justicia. La consigna \u201cMemoria, Verdad y Justicia\u201d sigue vigente en cada acto, mural y fotograf\u00eda que se alza en su nombre.<\/p>\n","protected":false},"excerpt":{"rendered":"<p>Este viernes 18 de julio se cumple un nuevo aniversario del mayor atentado en la [&hellip;]<\/p>\n","protected":false},"author":1,"featured_media":982,"comment_status":"open","ping_status":"open","sticky":false,"template":"","format":"standard","meta":{"footnotes":""},"categories":[1],"tags":[],"_links":{"self":[{"href":"https:\/\/correntinoticias.com\/index.php\/wp-json\/wp\/v2\/posts\/981"}],"collection":[{"href":"https:\/\/correntinoticias.com\/index.php\/wp-json\/wp\/v2\/posts"}],"about":[{"href":"https:\/\/correntinoticias.com\/index.php\/wp-json\/wp\/v2\/types\/post"}],"author":[{"embeddable":true,"href":"https:\/\/correntinoticias.com\/index.php\/wp-json\/wp\/v2\/users\/1"}],"replies":[{"embeddable":true,"href":"https:\/\/correntinoticias.com\/index.php\/wp-json\/wp\/v2\/comments?post=981"}],"version-history":[{"count":1,"href":"https:\/\/correntinoticias.com\/index.php\/wp-json\/wp\/v2\/posts\/981\/revisions"}],"predecessor-version":[{"id":983,"href":"https:\/\/correntinoticias.com\/index.php\/wp-json\/wp\/v2\/posts\/981\/revisions\/983"}],"wp:featuredmedia":[{"embeddable":true,"href":"https:\/\/correntinoticias.com\/index.php\/wp-json\/wp\/v2\/media\/982"}],"wp:attachment":[{"href":"https:\/\/correntinoticias.com\/index.php\/wp-json\/wp\/v2\/media?parent=981"}],"wp:term":[{"taxonomy":"category","embeddable":true,"href":"https:\/\/correntinoticias.com\/index.php\/wp-json\/wp\/v2\/categories?post=981"},{"taxonomy":"post_tag","embeddable":true,"href":"https:\/\/correntinoticias.com\/index.php\/wp-json\/wp\/v2\/tags?post=981"}],"curies":[{"name":"wp","href":"https:\/\/api.w.org\/{rel}","templated":true}]}}