{"id":978,"date":"2025-07-18T16:57:40","date_gmt":"2025-07-18T16:57:40","guid":{"rendered":"https:\/\/correntinoticias.com\/?p=978"},"modified":"2025-07-18T16:57:40","modified_gmt":"2025-07-18T16:57:40","slug":"madrid-quedo-envuelta-en-una-gigantesca-nube-de-humo-por-un-incendio-forestal","status":"publish","type":"post","link":"https:\/\/correntinoticias.com\/index.php\/2025\/07\/18\/madrid-quedo-envuelta-en-una-gigantesca-nube-de-humo-por-un-incendio-forestal\/","title":{"rendered":"MADRID QUED\u00d3 ENVUELTA EN UNA GIGANTESCA NUBE DE HUMO POR UN INCENDIO FORESTAL"},"content":{"rendered":"\n<p>El fuego, que comenz\u00f3 en el municipio de M\u00e9ntrida, unos 50 kil\u00f3metros al suroeste de la capital espa\u00f1ola, llev\u00f3 a las autoridades locales a pedir a los residentes cercanos a esta localidad manchega a que permanecieran en casa y cerraran las ventanas. El viento empuj\u00f3 el humo tambi\u00e9n hasta la capital espa\u00f1ola, donde cayeron cenizas de una espesa nube anaranjada y gris\u00e1cea<\/p>\n\n\n\n<p>Una extensa nube de humo provocada por un incendio forestal&nbsp;cercano cubr\u00eda parte del cielo de Madrid este jueves, en un verano que arranc\u00f3 con altas temperaturas y riesgos por incendios en Espa\u00f1a.<\/p>\n\n\n\n<p>El fuego, que comenz\u00f3 en el municipio de M\u00e9ntrida,\u00a0unos 50 kil\u00f3metros al suroeste de la capital espa\u00f1ola,\u00a0llev\u00f3 a las autoridades locales a pedir a los residentes cercanos a esta localidad manchega a que permanecieran en casa y cerraran las ventanas.<\/p>\n\n\n\n<p>El viento empuj\u00f3 el humo tambi\u00e9n hasta la capital espa\u00f1ola, donde periodistas de la AFP vieron caer cenizas de&nbsp;una espesa nube anaranjada y gris\u00e1cea, a la que algunos residentes y turistas tomaban fotos con curiosidad en las calles.<\/p>\n\n\n\n<p>Desde su cuenta en X, Protecci\u00f3n Civil de Madrid aconsej\u00f3 evitar en lo posible permanecer en el exterior, pidi\u00f3 no abrir ventanas o usar mascarilla en caso de que se detecte presencia de ceniza.<\/p>\n\n\n\n<p>Igualmente, un tramo de una de las autov\u00edas que conduce a la capital fue cerrada.<\/p>\n\n\n\n<p>Unos 150 bomberos trabajaban por tierra y aire para controlar este incendio que arranc\u00f3 alrededor de las 15H00 locales (13H00 GMT), seg\u00fan el servicio de informaci\u00f3n sobre incendios forestales de la regi\u00f3n central de Castilla-La Mancha.<\/p>\n\n\n\n<p>Los cient\u00edficos indican que&nbsp;el cambio clim\u00e1tico inducido por el ser humano&nbsp;est\u00e1 aumentando la intensidad, duraci\u00f3n y frecuencia del calor extremo que alimenta los incendios forestales.<\/p>\n\n\n\n<p>Varios puntos de Espa\u00f1a estuvieron bajo aviso por calor altas temperaturas esta semana, con los term\u00f3metros&nbsp;alcanzando 39 grados en M\u00e9ntrida este jueves, seg\u00fan la agencia estatal de meteorolog\u00eda (Aemet).<\/p>\n\n\n\n<p>El pa\u00eds vivi\u00f3 su mes de junio m\u00e1s caluroso jam\u00e1s registrado, con una temperatura media de 23,7 \u00b0C, seg\u00fan la agencia estatal de meteorolog\u00eda.<\/p>\n\n\n\n<p>En 2022,&nbsp;300.000 hect\u00e1reas fueron destruidas por m\u00e1s de 500 incendios en el pa\u00eds, un r\u00e9cord en Europa, seg\u00fan el Sistema Europeo de Informaci\u00f3n sobre Incendios Forestales (Effis).<\/p>\n\n\n\n<p>En este inicio del verano de 2025, ya son m\u00e1s de 25.000 hect\u00e1reas las que han ardido, seg\u00fan Effis.<\/p>\n","protected":false},"excerpt":{"rendered":"<p>El fuego, que comenz\u00f3 en el municipio de M\u00e9ntrida, unos 50 kil\u00f3metros al suroeste de [&hellip;]<\/p>\n","protected":false},"author":1,"featured_media":979,"comment_status":"open","ping_status":"open","sticky":false,"template":"","format":"standard","meta":{"footnotes":""},"categories":[1],"tags":[],"_links":{"self":[{"href":"https:\/\/correntinoticias.com\/index.php\/wp-json\/wp\/v2\/posts\/978"}],"collection":[{"href":"https:\/\/correntinoticias.com\/index.php\/wp-json\/wp\/v2\/posts"}],"about":[{"href":"https:\/\/correntinoticias.com\/index.php\/wp-json\/wp\/v2\/types\/post"}],"author":[{"embeddable":true,"href":"https:\/\/correntinoticias.com\/index.php\/wp-json\/wp\/v2\/users\/1"}],"replies":[{"embeddable":true,"href":"https:\/\/correntinoticias.com\/index.php\/wp-json\/wp\/v2\/comments?post=978"}],"version-history":[{"count":1,"href":"https:\/\/correntinoticias.com\/index.php\/wp-json\/wp\/v2\/posts\/978\/revisions"}],"predecessor-version":[{"id":980,"href":"https:\/\/correntinoticias.com\/index.php\/wp-json\/wp\/v2\/posts\/978\/revisions\/980"}],"wp:featuredmedia":[{"embeddable":true,"href":"https:\/\/correntinoticias.com\/index.php\/wp-json\/wp\/v2\/media\/979"}],"wp:attachment":[{"href":"https:\/\/correntinoticias.com\/index.php\/wp-json\/wp\/v2\/media?parent=978"}],"wp:term":[{"taxonomy":"category","embeddable":true,"href":"https:\/\/correntinoticias.com\/index.php\/wp-json\/wp\/v2\/categories?post=978"},{"taxonomy":"post_tag","embeddable":true,"href":"https:\/\/correntinoticias.com\/index.php\/wp-json\/wp\/v2\/tags?post=978"}],"curies":[{"name":"wp","href":"https:\/\/api.w.org\/{rel}","templated":true}]}}