{"id":970,"date":"2025-06-24T15:23:54","date_gmt":"2025-06-24T15:23:54","guid":{"rendered":"https:\/\/correntinoticias.com\/?p=970"},"modified":"2025-06-24T15:23:55","modified_gmt":"2025-06-24T15:23:55","slug":"detienen-al-reconocido-empresario-federico-cheme-en-un-operativo-antidrogas-en-la-capital","status":"publish","type":"post","link":"https:\/\/correntinoticias.com\/index.php\/2025\/06\/24\/detienen-al-reconocido-empresario-federico-cheme-en-un-operativo-antidrogas-en-la-capital\/","title":{"rendered":"DETIENEN AL RECONOCIDO EMPRESARIO FEDERICO CHEME EN UN OPERATIVO ANTIDROGAS EN LA CAPITAL"},"content":{"rendered":"\n<p>El empresario, Federico Cheme, fue detenido en la noche del lunes en un extra\u00f1o hecho ocurrido en el barrio Laguna Seca. Se tratar\u00eda en medio de una transacci\u00f3n de compra y venta de droga.&nbsp;<\/p>\n\n\n\n<p><audio src=\"https:\/\/www.radiosudamericana.com\/notix\/multimedia\/audios\/2025-06-24\/647684.mp3\"><\/audio><\/p>\n\n\n\n<p><strong>La detenci\u00f3n de Federico Cheme,&nbsp;reconocido empresario de Corrientes<\/strong>, gener\u00f3 conmoci\u00f3n en el \u00e1mbito local tras un operativo policial vinculado al narcotr\u00e1fico que se desarroll\u00f3 este lunes por la noche.<\/p>\n\n\n\n<p><strong>El procedimiento tuvo lugar alrededor de las 23 horas en la zona de la rotonda interna entre calle Larrea y Susini (Barrio Laguna Seca de Corrientes Capital),<\/strong>&nbsp;donde efectivos de la Direcci\u00f3n de Drogas Peligrosas interceptaron dos veh\u00edculos y secuestraron aproximadamente&nbsp;<strong>dos kilos de coca\u00edna y una importante suma de dinero en efectivo.<\/strong><\/p>\n\n\n\n<p>Cheme, de 50 a\u00f1os, fue identificado como uno de los ocupantes de una camioneta Honda HR-V color blanco.&nbsp;Seg\u00fan fuentes oficiales, al momento del procedimiento se encontraba acompa\u00f1ado por otro hombre de apellido Will (51), tambi\u00e9n domiciliado en esta ciudad.<\/p>\n\n\n\n<p>Simult\u00e1neamente,\u00a0en un segundo veh\u00edculo \u2014un Toyota Etios bord\u00f3\u2014 circulaban un hombre de apellido Molina (41) y una mujer de apellido\u00a0Romero (39), ambos oriundos de Villa R\u00edo Negro, Resistencia (Chaco), junto a una menor de 4 a\u00f1os<\/p>\n\n\n\n<p>Durante el procedimiento se incautaron los estupefacientes, dinero en efectivo y ambos rodados. Las personas demoradas fueron puestas a disposici\u00f3n de la Justicia Federal.<\/p>\n\n\n\n<p>Federico Cheme es conocido en el \u00e1mbito&nbsp;empresarial local por su participaci\u00f3n en emprendimientos ligados al sector privado. Su detenci\u00f3n, en el marco de esta causa, genera un fuerte impacto p\u00fablico.&nbsp;<strong>Se espera que en las pr\u00f3ximas horas se definan las imputaciones formales y se avance en la investigaci\u00f3n sobre el origen y destino de la sustancia incautada.<\/strong><\/p>\n","protected":false},"excerpt":{"rendered":"<p>El empresario, Federico Cheme, fue detenido en la noche del lunes en un extra\u00f1o hecho [&hellip;]<\/p>\n","protected":false},"author":1,"featured_media":971,"comment_status":"open","ping_status":"open","sticky":false,"template":"","format":"standard","meta":{"footnotes":""},"categories":[1],"tags":[],"_links":{"self":[{"href":"https:\/\/correntinoticias.com\/index.php\/wp-json\/wp\/v2\/posts\/970"}],"collection":[{"href":"https:\/\/correntinoticias.com\/index.php\/wp-json\/wp\/v2\/posts"}],"about":[{"href":"https:\/\/correntinoticias.com\/index.php\/wp-json\/wp\/v2\/types\/post"}],"author":[{"embeddable":true,"href":"https:\/\/correntinoticias.com\/index.php\/wp-json\/wp\/v2\/users\/1"}],"replies":[{"embeddable":true,"href":"https:\/\/correntinoticias.com\/index.php\/wp-json\/wp\/v2\/comments?post=970"}],"version-history":[{"count":1,"href":"https:\/\/correntinoticias.com\/index.php\/wp-json\/wp\/v2\/posts\/970\/revisions"}],"predecessor-version":[{"id":972,"href":"https:\/\/correntinoticias.com\/index.php\/wp-json\/wp\/v2\/posts\/970\/revisions\/972"}],"wp:featuredmedia":[{"embeddable":true,"href":"https:\/\/correntinoticias.com\/index.php\/wp-json\/wp\/v2\/media\/971"}],"wp:attachment":[{"href":"https:\/\/correntinoticias.com\/index.php\/wp-json\/wp\/v2\/media?parent=970"}],"wp:term":[{"taxonomy":"category","embeddable":true,"href":"https:\/\/correntinoticias.com\/index.php\/wp-json\/wp\/v2\/categories?post=970"},{"taxonomy":"post_tag","embeddable":true,"href":"https:\/\/correntinoticias.com\/index.php\/wp-json\/wp\/v2\/tags?post=970"}],"curies":[{"name":"wp","href":"https:\/\/api.w.org\/{rel}","templated":true}]}}