{"id":966,"date":"2025-06-24T15:22:59","date_gmt":"2025-06-24T15:22:59","guid":{"rendered":"https:\/\/correntinoticias.com\/?p=966"},"modified":"2025-06-24T15:23:00","modified_gmt":"2025-06-24T15:23:00","slug":"como-es-la-zona-donde-detuvieron-al-empresario-federico-cheme","status":"publish","type":"post","link":"https:\/\/correntinoticias.com\/index.php\/2025\/06\/24\/como-es-la-zona-donde-detuvieron-al-empresario-federico-cheme\/","title":{"rendered":"C\u00d3MO ES LA ZONA DONDE DETUVIERON AL EMPRESARIO FEDERICO CHEME"},"content":{"rendered":"\n<p>El cronista de Sudamericana lleg\u00f3 a la zona donde se detuvo en la noche de este lunes al empresario y a otras personas, entre las que hab\u00eda una menor de 4 a\u00f1os, en medio de una transacci\u00f3n con drogas. Un vecino cont\u00f3 que \u201csiempre se re\u00fanen en ese lugar\u201d y agreg\u00f3 que \u201caprovechan que por el fr\u00edo est\u00e1n todos encerrados, pero no sorprende, no se puede hacer nada\u201d.<audio src=\"https:\/\/www.radiosudamericana.com\/notix\/multimedia\/audios\/2025-06-24\/119651.mp3\"><\/audio><\/p>\n\n\n\n<p>Este lunes por la noche se detuvo a cuatro personas y se encontr\u00f3 con ellos a una menor de cuatro a\u00f1os, cuando hac\u00edan una transacci\u00f3n con poco m\u00e1s de dos kilogramos de coca\u00edna. Uno de los involucrados es el empresario Federico Cheme, conocido en la regi\u00f3n por la organizaci\u00f3n de eventos de gran magnitud.<\/p>\n\n\n\n<p>Fue en la zona del cruce de calles Larrea y Sussini del Barrio Laguna Seca. En esa ubicaci\u00f3n hay una peque\u00f1a plazoleta, en una calle interna, donde se ingresa y sale por la misma v\u00eda. Adem\u00e1s, se trata de una parte que no se encuentra muy a la vista y, seg\u00fan los vecinos, aprovechada para \u201creunirse y tranzar\u201d.<\/p>\n\n\n\n<p>Un vecino relat\u00f3 a Sudamericana que \u201chay chicos que se juntan a vender y familias que echaron a algunos de ellos de sus casas, por lo que venden cosas para consumir\u201d. El vecino cont\u00f3 que \u201caprovecharon el fr\u00edo porque la gente se encierra en sus casas\u201d y agreg\u00f3 que \u201cse convive con los operativos, nosotros estamos acostumbrados, pero no nos podemos meter para no tener problemas\u201d.<\/p>\n\n\n\n<p>El cronista de Sudamericana coment\u00f3 que el sitio al que llegaron los polic\u00edas y encontraron a Cheme y otros es de dif\u00edcil acceso. Estas personas se encuentran detenidas en la Direcci\u00f3n de Drogas Peligrosas y que la zona donde fueron encontrados \u201ces propicia para hacer este tipo de transacciones\u201d.<\/p>\n","protected":false},"excerpt":{"rendered":"<p>El cronista de Sudamericana lleg\u00f3 a la zona donde se detuvo en la noche de [&hellip;]<\/p>\n","protected":false},"author":1,"featured_media":968,"comment_status":"open","ping_status":"open","sticky":false,"template":"","format":"standard","meta":{"footnotes":""},"categories":[1],"tags":[],"_links":{"self":[{"href":"https:\/\/correntinoticias.com\/index.php\/wp-json\/wp\/v2\/posts\/966"}],"collection":[{"href":"https:\/\/correntinoticias.com\/index.php\/wp-json\/wp\/v2\/posts"}],"about":[{"href":"https:\/\/correntinoticias.com\/index.php\/wp-json\/wp\/v2\/types\/post"}],"author":[{"embeddable":true,"href":"https:\/\/correntinoticias.com\/index.php\/wp-json\/wp\/v2\/users\/1"}],"replies":[{"embeddable":true,"href":"https:\/\/correntinoticias.com\/index.php\/wp-json\/wp\/v2\/comments?post=966"}],"version-history":[{"count":1,"href":"https:\/\/correntinoticias.com\/index.php\/wp-json\/wp\/v2\/posts\/966\/revisions"}],"predecessor-version":[{"id":969,"href":"https:\/\/correntinoticias.com\/index.php\/wp-json\/wp\/v2\/posts\/966\/revisions\/969"}],"wp:featuredmedia":[{"embeddable":true,"href":"https:\/\/correntinoticias.com\/index.php\/wp-json\/wp\/v2\/media\/968"}],"wp:attachment":[{"href":"https:\/\/correntinoticias.com\/index.php\/wp-json\/wp\/v2\/media?parent=966"}],"wp:term":[{"taxonomy":"category","embeddable":true,"href":"https:\/\/correntinoticias.com\/index.php\/wp-json\/wp\/v2\/categories?post=966"},{"taxonomy":"post_tag","embeddable":true,"href":"https:\/\/correntinoticias.com\/index.php\/wp-json\/wp\/v2\/tags?post=966"}],"curies":[{"name":"wp","href":"https:\/\/api.w.org\/{rel}","templated":true}]}}