{"id":963,"date":"2025-06-24T15:21:40","date_gmt":"2025-06-24T15:21:40","guid":{"rendered":"https:\/\/correntinoticias.com\/?p=963"},"modified":"2025-06-24T15:21:41","modified_gmt":"2025-06-24T15:21:41","slug":"compraban-cocaina-con-una-nena-de-4-anos-y-fueron-detenidos","status":"publish","type":"post","link":"https:\/\/correntinoticias.com\/index.php\/2025\/06\/24\/compraban-cocaina-con-una-nena-de-4-anos-y-fueron-detenidos\/","title":{"rendered":"COMPRABAN COCA\u00cdNA CON UNA NENA DE 4 A\u00d1OS Y FUERON DETENIDOS"},"content":{"rendered":"\n<p>El hecho ocurri\u00f3 en la noche del lunes en el barrio Laguna Seca de la ciudad de Corrientes. Tras el operativo policial quedaron detenidos tres hombres y una mujer que iba acompa\u00f1ada de su hija de 4 a\u00f1os. &nbsp;<\/p>\n\n\n\n<p>En un operativo realizado en la noche del martes, pasadas las 23&nbsp;horas miembros de la Polic\u00eda de Corrientes&nbsp;<strong>detuvieron a cuatro personas<\/strong>&nbsp;en el momento en el que hacia una transacci\u00f3n en la&nbsp;<strong>compra de coca\u00edna.<\/strong><\/p>\n\n\n\n<p>El hecho ocurri\u00f3 en una plazoleta ubicada en las calles Larrea y Susini del barrio Laguna Seca de la ciudad de Corrientes. Entre los detenidos hay\u00a0<strong>tres hombres y una mujer que estaba acompa\u00f1ada de su hija de cuatro a\u00f1os<\/strong>, los mismos se movilizaban en dos veh\u00edculos marca Honda modelo CRV y Toyota Etios.<\/p>\n\n\n\n<p>Durante la requisa correspondiente de los rodados, los uniformados hallaron dos envoltorios tipo ladrillos que dieron un peso de 2.160 gramos de coca\u00edna, cinco tel\u00e9fonos celulares, un cuchillo tipo fac\u00f3n, dinero en efectivo tanto en moneda nacional (pesos argentinos) como as\u00ed tambi\u00e9n guaran\u00edes, reales y d\u00f3lares.<\/p>\n\n\n\n<p>Tras el operativo dieron aviso a las autoridades judiciales federales que dispusieron que los involucrados mayores sean detenidos, la peque\u00f1a de 4 a\u00f1os qued\u00f3 a resguardo de su madre quien tambi\u00e9n se encuentra involucrada en la causa.<\/p>\n\n\n\n<p><a href=\"https:\/\/www.radiosudamericana.com\/notix\/multimedia\/imagenes\/fotos\/2025-06-24\/236764.jpg\"><\/a><\/p>\n","protected":false},"excerpt":{"rendered":"<p>El hecho ocurri\u00f3 en la noche del lunes en el barrio Laguna Seca de la [&hellip;]<\/p>\n","protected":false},"author":1,"featured_media":964,"comment_status":"open","ping_status":"open","sticky":false,"template":"","format":"standard","meta":{"footnotes":""},"categories":[1],"tags":[],"_links":{"self":[{"href":"https:\/\/correntinoticias.com\/index.php\/wp-json\/wp\/v2\/posts\/963"}],"collection":[{"href":"https:\/\/correntinoticias.com\/index.php\/wp-json\/wp\/v2\/posts"}],"about":[{"href":"https:\/\/correntinoticias.com\/index.php\/wp-json\/wp\/v2\/types\/post"}],"author":[{"embeddable":true,"href":"https:\/\/correntinoticias.com\/index.php\/wp-json\/wp\/v2\/users\/1"}],"replies":[{"embeddable":true,"href":"https:\/\/correntinoticias.com\/index.php\/wp-json\/wp\/v2\/comments?post=963"}],"version-history":[{"count":1,"href":"https:\/\/correntinoticias.com\/index.php\/wp-json\/wp\/v2\/posts\/963\/revisions"}],"predecessor-version":[{"id":965,"href":"https:\/\/correntinoticias.com\/index.php\/wp-json\/wp\/v2\/posts\/963\/revisions\/965"}],"wp:featuredmedia":[{"embeddable":true,"href":"https:\/\/correntinoticias.com\/index.php\/wp-json\/wp\/v2\/media\/964"}],"wp:attachment":[{"href":"https:\/\/correntinoticias.com\/index.php\/wp-json\/wp\/v2\/media?parent=963"}],"wp:term":[{"taxonomy":"category","embeddable":true,"href":"https:\/\/correntinoticias.com\/index.php\/wp-json\/wp\/v2\/categories?post=963"},{"taxonomy":"post_tag","embeddable":true,"href":"https:\/\/correntinoticias.com\/index.php\/wp-json\/wp\/v2\/tags?post=963"}],"curies":[{"name":"wp","href":"https:\/\/api.w.org\/{rel}","templated":true}]}}