{"id":960,"date":"2025-06-24T15:20:48","date_gmt":"2025-06-24T15:20:48","guid":{"rendered":"https:\/\/correntinoticias.com\/?p=960"},"modified":"2025-06-24T15:20:48","modified_gmt":"2025-06-24T15:20:48","slug":"se-inauguro-el-consejo-de-mayo-buscan-acordar-un-documento-con-reformas-para-el-2026","status":"publish","type":"post","link":"https:\/\/correntinoticias.com\/index.php\/2025\/06\/24\/se-inauguro-el-consejo-de-mayo-buscan-acordar-un-documento-con-reformas-para-el-2026\/","title":{"rendered":"SE INAUGUR\u00d3 EL CONSEJO DE MAYO: BUSCAN ACORDAR UN DOCUMENTO CON REFORMAS PARA EL 2026"},"content":{"rendered":"\n<p>\u200bEl cuerpo abarca a diferentes \u00e1mbitos pol\u00edticos, a los sindicatos y al empresariado. Buscan acordar la reforma previsional, laboral y otras m\u00e1s que impulsa la Casa Rosada. La pr\u00f3xima reuni\u00f3n ser\u00e1 el 20 de julio &nbsp; &nbsp;<\/p>\n\n\n\n<p>Despu\u00e9s de m\u00e1s de un a\u00f1o de haber sido anunciado,&nbsp;el Gobierno finalmente dio inicio este martes por la ma\u00f1ana al&nbsp;Consejo de Mayo, el cual busca acordar reformas estructurales y proyectos de ley acordes con lo firmado por el presidente Javier Milei y 19 gobernadores en el&nbsp;Pacto de Mayo.<\/p>\n\n\n\n<p>Este cuerpo multisectorial fue inaugurado en un encuentro realizado en el Sal\u00f3n de los Escudos de la Casa Rosada, el cual dur\u00f3 una hora y media y estuvo encabezado por el jefe de Gabinete,&nbsp;Guillermo Francos, en su car\u00e1cter de presidente del Consejo.<\/p>\n\n\n\n<p>All\u00ed lo acompa\u00f1aron los seis consejeros designados por decreto: el ministro de Desregulaci\u00f3n,&nbsp;Federico Sturzenegger, por el Ejecutivo; el gobernador de Mendoza,&nbsp;Alfredo Cornejo, por las provincias firmantes del Pacto de Mayo; la senadora nacional,&nbsp;Carolina Losada, por la C\u00e1mara Alta; el diputado nacional,&nbsp;Cristian Ritondo, por la C\u00e1mara Baja; el secretario general de la UOCRA,&nbsp;Gerardo Mart\u00ednez, por los sindicatos; y el presidente de la UIA,&nbsp;Mart\u00edn Rappallini, por el empresariado.<\/p>\n\n\n\n<p>La reuni\u00f3n de esta ma\u00f1ana tuvo un car\u00e1cter inaugural y no se profundiz\u00f3 sobre ninguna de las reformas que busca implementar el Gobierno Nacional. En tanto, s\u00ed&nbsp;se acord\u00f3 que en diciembre se pueda finalizar un documento final que contenga las reformas detalladas en el Pacto de Mayo.<\/p>\n\n\n\n<p>El Consejo de Mayo fue anunciado por Milei el 25 de mayo del a\u00f1o pasado. All\u00ed detall\u00f3 que tendr\u00eda la responsabilidad de trabajar en proyectos de ley que materialicen los principios adoptados en el Pacto de Mayo, el cual consta de 10 cl\u00e1usulas adheridas por 19 gobernadores (menos Buenos Aires, Formosa, La Pampa, La Rioja y Tierra del Fuego):<\/p>\n\n\n\n<p><\/p>\n\n\n\n<p>inviolabilidad de la propiedad privada,<br>equilibrio fiscal innegociable,<br>reducci\u00f3n del gasto p\u00fablico,<br>educaci\u00f3n con alfabetizaci\u00f3n plena y sin abandono escolar,<br>reforma tributaria,<br>rediscusi\u00f3n de la coparticipaci\u00f3n federal,<br>explotaci\u00f3n de los recursos naturales del pa\u00eds,<br>reforma laboral moderna,<br>reforma previsional<br>y apertura al comercio internacional.<\/p>\n\n\n\n<p>Los miembros del Consejo se reunir\u00e1n una vez por mes, siendo el 20 de julio el pr\u00f3ximo encuentro. Se espera que para entonces cada uno de los integrantes vuelva con una devoluci\u00f3n y una lista de prioridades sobre qu\u00e9 temas comenzar a tratar primero.<\/p>\n\n\n\n<p>Uno de los puntos que podr\u00eda generar tensi\u00f3n es la reforma laboral que quiere impulsar el Gobierno, as\u00ed como los diferentes sectores pol\u00edticos y empresarios. Al respecto, Gerardo Mart\u00ednez, el representante de la CGT, afirm\u00f3 que&nbsp;no avala de manera directa una reforma, pero que se puede conversar una suerte de \u201cmodernizaci\u00f3n\u201d&nbsp;que cuente con el aval de la central obrera.<\/p>\n\n\n\n<p>Los integrantes del Gobierno son todos referentes -de diferentes sectores- con los que el Gobierno tiene buen v\u00ednculo.<\/p>\n\n\n\n<p>La elecci\u00f3n de Mart\u00ednez como representante de los gremios no es casual. Es uno de quienes mejor di\u00e1logo tiene con el Gobierno, que se inspir\u00f3 en el modelo de cese de la UOCRA para la modernizaci\u00f3n laboral que impuls\u00f3 la Casa Rosada el a\u00f1o pasado. Al llegar a la reuni\u00f3n, el sindicalista indic\u00f3 que iba a las mismas consignas que viene impulsando la CGT y que dijo en la OIT, donde&nbsp;repudi\u00f3 la \u201cimposici\u00f3n de un techo a la negociaci\u00f3n salarial\u201d y la \u201ccriminalizaci\u00f3n de la protesta\u201d. Rappallini, en tanto, fue escueto y habl\u00f3 de que, adem\u00e1s de la laboral, \u201cson muchas las&nbsp;reformas&nbsp;que hay que abarcar para transformar la Argentina\u201d.<\/p>\n\n\n\n<p>En cuanto al \u00e1mbito estrictamente pol\u00edtico, Cornejo es uno de los gobernadores que tiene m\u00e1s di\u00e1logo fluido con la Casa de Gobierno, aunque por estas semanas se est\u00e1 terminando de negociar si es viable una alianza pol\u00edtica en Mendoza, algo que parece probable, pero que no est\u00e1 exenta de tensiones relativas.<\/p>\n\n\n\n<p>En tanto, Losada es una de las legisladoras con las que m\u00e1s dialogan los interlocutores de La Libertad Avanza, mientras que Ritondo es el alfil del PRO en Diputados con el que el Gobierno negoci\u00f3 las diferentes estrategias legislativas a lo largo de la Presidencia de Javier Milei. Estas tratativas ahora se trasladaron al \u00e1mbito electoral, donde el diputado es el principal responsable de conversar de la alianza con LLA-PRO con el armador libertario Sebasti\u00e1n Pareja.<\/p>\n\n\n\n<p>Al momento de la firma, muchos gobernadores estaban convencidos de que la firma del Pacto, convertida en una ampulosa ceremonia en Tucum\u00e1n, iba a tener una escueta implementaci\u00f3n en los meses posteriores. Efectivamente, aquello fue lo que sucedi\u00f3. Incluso fuentes del Gobierno admit\u00edan que no iban a llamar a la concreci\u00f3n de ese Consejo si es que no ten\u00edan los incentivos para hacerlo.<\/p>\n\n\n\n<p>Pero en los \u00faltimos meses cambi\u00f3 el panorama. La relaci\u00f3n de la Casa Rosada con los gobernadores se deterior\u00f3 producto de que estos \u00faltimos reclaman de que Naci\u00f3n no est\u00e1 girando los fondos suficientes que precisan las provincias y que no se ocupa de cuestiones fundamentales como obras de infraestructura.<\/p>\n\n\n\n<p>Lo mismo sucede en el \u00e1mbito legislativo. El oficialismo de La Libertad Avanza vio mermar su esquema de alianzas que durante casi un a\u00f1o le permiti\u00f3 rechazar cualquier iniciativa de la oposici\u00f3n no-dialoguista. Que algunos de los aliados circunstanciales del Gobierno apoyaran (o que contribuyeran con su abstenci\u00f3n) la media sanci\u00f3n del aumento para las jubilaciones y de fondos por discapacidad, las cuales son iniciativas de alto costo fiscal, resultaron una primera alerta para el Gobierno. Algunas relaciones se deterioraron tanto que el Gobierno percibe que no tiene completamente asegurados los votos para sostener los vetos que va a firmar Milei.<\/p>\n","protected":false},"excerpt":{"rendered":"<p>\u200bEl cuerpo abarca a diferentes \u00e1mbitos pol\u00edticos, a los sindicatos y al empresariado. Buscan acordar [&hellip;]<\/p>\n","protected":false},"author":1,"featured_media":961,"comment_status":"open","ping_status":"open","sticky":false,"template":"","format":"standard","meta":{"footnotes":""},"categories":[1],"tags":[],"_links":{"self":[{"href":"https:\/\/correntinoticias.com\/index.php\/wp-json\/wp\/v2\/posts\/960"}],"collection":[{"href":"https:\/\/correntinoticias.com\/index.php\/wp-json\/wp\/v2\/posts"}],"about":[{"href":"https:\/\/correntinoticias.com\/index.php\/wp-json\/wp\/v2\/types\/post"}],"author":[{"embeddable":true,"href":"https:\/\/correntinoticias.com\/index.php\/wp-json\/wp\/v2\/users\/1"}],"replies":[{"embeddable":true,"href":"https:\/\/correntinoticias.com\/index.php\/wp-json\/wp\/v2\/comments?post=960"}],"version-history":[{"count":1,"href":"https:\/\/correntinoticias.com\/index.php\/wp-json\/wp\/v2\/posts\/960\/revisions"}],"predecessor-version":[{"id":962,"href":"https:\/\/correntinoticias.com\/index.php\/wp-json\/wp\/v2\/posts\/960\/revisions\/962"}],"wp:featuredmedia":[{"embeddable":true,"href":"https:\/\/correntinoticias.com\/index.php\/wp-json\/wp\/v2\/media\/961"}],"wp:attachment":[{"href":"https:\/\/correntinoticias.com\/index.php\/wp-json\/wp\/v2\/media?parent=960"}],"wp:term":[{"taxonomy":"category","embeddable":true,"href":"https:\/\/correntinoticias.com\/index.php\/wp-json\/wp\/v2\/categories?post=960"},{"taxonomy":"post_tag","embeddable":true,"href":"https:\/\/correntinoticias.com\/index.php\/wp-json\/wp\/v2\/tags?post=960"}],"curies":[{"name":"wp","href":"https:\/\/api.w.org\/{rel}","templated":true}]}}