{"id":955,"date":"2025-06-24T15:18:52","date_gmt":"2025-06-24T15:18:52","guid":{"rendered":"https:\/\/correntinoticias.com\/?p=955"},"modified":"2025-06-24T15:18:52","modified_gmt":"2025-06-24T15:18:52","slug":"creciente-del-rio-uruguay-libres-y-yapeyu-en-estado-de-evacuacion","status":"publish","type":"post","link":"https:\/\/correntinoticias.com\/index.php\/2025\/06\/24\/creciente-del-rio-uruguay-libres-y-yapeyu-en-estado-de-evacuacion\/","title":{"rendered":"CRECIENTE DEL R\u00cdO URUGUAY: LIBRES Y YAPEY\u00da EN ESTADO DE EVACUACI\u00d3N"},"content":{"rendered":"\n<p>Seg\u00fan informaciones de Prefectura Naval Argentina, las localidades de Paso de los Libres y Yapey\u00fa contin\u00faan en Estado de Evacuaci\u00f3n por la creciente del r\u00edo Uruguay. En los puertos de Santo Tom\u00e9 y Garruchos los registros marcaron baja, pero en la provincia de Misiones nuevamente volvi\u00f3 a crecer. Localidades como Alvear, La Cruz y Bonpland se encuentran en alerta y cerca de las marcas de evacuaci\u00f3n.&nbsp;<\/p>\n\n\n\n<p>En los distintos municipios ubicados sobre la costa del r\u00edo Uruguay se mantienen monitoreando constantemente las zonas ribere\u00f1as que son las m\u00e1s afectadas por el aumento del caudal de agua. Las lluvias en el sur de Brasil y en la regi\u00f3n provocaron un aumento considerable, obligando a que familias abandonen sus hogares preventivamente.&nbsp;<\/p>\n\n\n\n<p>El puerto del Municipio de Paso de los Libres\u00a0 alcanz\u00f3 los 9,79 metros de altura, manteni\u00e9ndose en condici\u00f3n creciente. Esperan que el pico se registre en las pr\u00f3ximas horas. Las familias que fueron evacuadas son asistidas en el Centro de Evacuados dispuesto por el Municipio en conjunto con el Ej\u00e9rcito Argentino.<\/p>\n\n\n\n<p>En Yapey\u00fa se super\u00f3 la barrera de los 10,50 metros, marcando el inicio de la etapa de evacuaci\u00f3n. A\u00fan no hay informaci\u00f3n oficial sobre la situaci\u00f3n de posibles vecinos o vecinas que tuvieron que abandonar sus hogares.&nbsp;<\/p>\n\n\n\n<p>Esta ma\u00f1ana, la localidad de Santo Tom\u00e9 registr\u00f3 una baja de 12 cent\u00edmetros (11,58 metros) siguiendo dentro del estado de alerta. La situaci\u00f3n contin\u00faa alertando a los ciudadanos debido a que en los puertos de El Soberbio y Alba Posse, en la provincia de Misiones, el r\u00edo Uruguay volvi\u00f3 a marcar creciente, llegando a ser de casi dos metros m\u00e1s&nbsp; que la medici\u00f3n anterior<\/p>\n","protected":false},"excerpt":{"rendered":"<p>Seg\u00fan informaciones de Prefectura Naval Argentina, las localidades de Paso de los Libres y Yapey\u00fa [&hellip;]<\/p>\n","protected":false},"author":1,"featured_media":956,"comment_status":"open","ping_status":"open","sticky":false,"template":"","format":"standard","meta":{"footnotes":""},"categories":[1],"tags":[],"_links":{"self":[{"href":"https:\/\/correntinoticias.com\/index.php\/wp-json\/wp\/v2\/posts\/955"}],"collection":[{"href":"https:\/\/correntinoticias.com\/index.php\/wp-json\/wp\/v2\/posts"}],"about":[{"href":"https:\/\/correntinoticias.com\/index.php\/wp-json\/wp\/v2\/types\/post"}],"author":[{"embeddable":true,"href":"https:\/\/correntinoticias.com\/index.php\/wp-json\/wp\/v2\/users\/1"}],"replies":[{"embeddable":true,"href":"https:\/\/correntinoticias.com\/index.php\/wp-json\/wp\/v2\/comments?post=955"}],"version-history":[{"count":1,"href":"https:\/\/correntinoticias.com\/index.php\/wp-json\/wp\/v2\/posts\/955\/revisions"}],"predecessor-version":[{"id":957,"href":"https:\/\/correntinoticias.com\/index.php\/wp-json\/wp\/v2\/posts\/955\/revisions\/957"}],"wp:featuredmedia":[{"embeddable":true,"href":"https:\/\/correntinoticias.com\/index.php\/wp-json\/wp\/v2\/media\/956"}],"wp:attachment":[{"href":"https:\/\/correntinoticias.com\/index.php\/wp-json\/wp\/v2\/media?parent=955"}],"wp:term":[{"taxonomy":"category","embeddable":true,"href":"https:\/\/correntinoticias.com\/index.php\/wp-json\/wp\/v2\/categories?post=955"},{"taxonomy":"post_tag","embeddable":true,"href":"https:\/\/correntinoticias.com\/index.php\/wp-json\/wp\/v2\/tags?post=955"}],"curies":[{"name":"wp","href":"https:\/\/api.w.org\/{rel}","templated":true}]}}