{"id":950,"date":"2025-05-24T21:58:26","date_gmt":"2025-05-24T21:58:26","guid":{"rendered":"https:\/\/correntinoticias.com\/?p=950"},"modified":"2025-05-24T21:58:27","modified_gmt":"2025-05-24T21:58:27","slug":"tras-ser-hospitalizada-fallecio-la-intendente-de-san-cosme","status":"publish","type":"post","link":"https:\/\/correntinoticias.com\/index.php\/2025\/05\/24\/tras-ser-hospitalizada-fallecio-la-intendente-de-san-cosme\/","title":{"rendered":"TRAS SER HOSPITALIZADA, FALLECI\u00d3 LA INTENDENTE DE SAN COSME"},"content":{"rendered":"\n<p>Tras haber sido hospitalizada de emergencia por&nbsp;una descompensaci\u00f3n en su domicilio, la intendente de San Cosme, Giovanna Morales Maciel, falleci\u00f3 en la ma\u00f1ana de hoy<\/p>\n\n\n\n<p><a rel=\"noreferrer noopener\" href=\"https:\/\/www.facebook.com\/sharer.php?u=https%3A%2F%2Fwww.radiosudamericana.com%2Fnota%2Fsociedad%2F327241-Tras-ser-hospitalizada--fallecio-la-intendente-de-San-Cosme.htm\" target=\"_blank\"><\/a><\/p>\n\n\n\n<p>La Municipalidad de San Cosme inform\u00f3 este s\u00e1bado, a trav\u00e9s de sus redes sociales oficiales, el fallecimiento de su intendente,&nbsp;<strong>Giovanna Morales Maciel<\/strong>.<\/p>\n\n\n\n<p>Seg\u00fan el comunicado difundido, el velorio se llev\u00f3 a cabo en el Palacio Municipal a&nbsp;las 6:00hs. Adem\u00e1s, se anunci\u00f3 que la&nbsp;<strong>Santa Misa en su honor ser\u00e1 celebrada a las 16:00hs<\/strong>.<\/p>\n\n\n\n<p>Las autoridades locales no brindaron detalles sobre las causas del fallecimiento, aunque expresaron su acompa\u00f1amiento a los familiares y a la comunidad en este momento.<\/p>\n","protected":false},"excerpt":{"rendered":"<p>Tras haber sido hospitalizada de emergencia por&nbsp;una descompensaci\u00f3n en su domicilio, la intendente de San [&hellip;]<\/p>\n","protected":false},"author":1,"featured_media":951,"comment_status":"open","ping_status":"open","sticky":false,"template":"","format":"standard","meta":{"footnotes":""},"categories":[1],"tags":[],"_links":{"self":[{"href":"https:\/\/correntinoticias.com\/index.php\/wp-json\/wp\/v2\/posts\/950"}],"collection":[{"href":"https:\/\/correntinoticias.com\/index.php\/wp-json\/wp\/v2\/posts"}],"about":[{"href":"https:\/\/correntinoticias.com\/index.php\/wp-json\/wp\/v2\/types\/post"}],"author":[{"embeddable":true,"href":"https:\/\/correntinoticias.com\/index.php\/wp-json\/wp\/v2\/users\/1"}],"replies":[{"embeddable":true,"href":"https:\/\/correntinoticias.com\/index.php\/wp-json\/wp\/v2\/comments?post=950"}],"version-history":[{"count":1,"href":"https:\/\/correntinoticias.com\/index.php\/wp-json\/wp\/v2\/posts\/950\/revisions"}],"predecessor-version":[{"id":952,"href":"https:\/\/correntinoticias.com\/index.php\/wp-json\/wp\/v2\/posts\/950\/revisions\/952"}],"wp:featuredmedia":[{"embeddable":true,"href":"https:\/\/correntinoticias.com\/index.php\/wp-json\/wp\/v2\/media\/951"}],"wp:attachment":[{"href":"https:\/\/correntinoticias.com\/index.php\/wp-json\/wp\/v2\/media?parent=950"}],"wp:term":[{"taxonomy":"category","embeddable":true,"href":"https:\/\/correntinoticias.com\/index.php\/wp-json\/wp\/v2\/categories?post=950"},{"taxonomy":"post_tag","embeddable":true,"href":"https:\/\/correntinoticias.com\/index.php\/wp-json\/wp\/v2\/tags?post=950"}],"curies":[{"name":"wp","href":"https:\/\/api.w.org\/{rel}","templated":true}]}}