{"id":941,"date":"2025-05-24T21:50:40","date_gmt":"2025-05-24T21:50:40","guid":{"rendered":"https:\/\/correntinoticias.com\/?p=941"},"modified":"2025-05-24T21:50:40","modified_gmt":"2025-05-24T21:50:40","slug":"leon-xiv-visitaria-argentina-en-su-primera-gira-por-latinoamerica","status":"publish","type":"post","link":"https:\/\/correntinoticias.com\/index.php\/2025\/05\/24\/leon-xiv-visitaria-argentina-en-su-primera-gira-por-latinoamerica\/","title":{"rendered":"LE\u00d3N XIV VISITAR\u00cdA ARGENTINA EN SU PRIMERA GIRA POR LATINOAM\u00c9RICA"},"content":{"rendered":"\n<p>El cardenal Daniel Sturla confirm\u00f3 que el pont\u00edfice planea viajar a Argentina y Uruguay. Tambi\u00e9n se eval\u00faa incluir a Per\u00fa en el itinerario.<a rel=\"noreferrer noopener\" href=\"https:\/\/www.facebook.com\/sharer.php?u=https%3A%2F%2Fwww.radiosudamericana.com%2Fnota%2Fmundo%2F327264-Leon-XIV-visitaria-Argentina-en-su-primera-gira-por-Latinoamerica.htm\" target=\"_blank\"><\/a><\/p>\n\n\n\n<p>El cardenal uruguayo Daniel Sturla confirm\u00f3 que el papa Le\u00f3n XIV tiene previsto visitar la Argentina en el marco de su primera gira por Latinoam\u00e9rica, que incluir\u00eda tambi\u00e9n a Uruguay y posiblemente Per\u00fa.<\/p>\n\n\n\n<p>Sturla relat\u00f3 que, tras la elecci\u00f3n del nuevo pont\u00edfice, le transmiti\u00f3 personalmente la invitaci\u00f3n para visitar Uruguay. En esa conversaci\u00f3n, donde tambi\u00e9n habr\u00eda estado presente el cardenal argentino Mario Poli, el Papa respondi\u00f3 sin dudar:<em><strong>&nbsp;\u201cS\u00ed, Argentina y Uruguay\u201d<\/strong><\/em>.<\/p>\n\n\n\n<p>El purpurado subray\u00f3 que Le\u00f3n XIV es consciente de que ni Argentina ni Uruguay recibieron una visita oficial del papa Francisco, y por eso buscar\u00eda priorizar ambos destinos. Seg\u00fan Sturla, existe una&nbsp;<strong><em>&#8220;muy alta probabilidad&#8221;<\/em><\/strong>&nbsp;de que la gira se concrete pr\u00f3ximamente.<\/p>\n\n\n\n<p>El papa Le\u00f3n XIV ya hab\u00eda manifestado en varias oportunidades su deseo de viajar a la regi\u00f3n, no solo por su estrecho v\u00ednculo con Latinoam\u00e9rica, sino tambi\u00e9n por su historia personal con Per\u00fa, pa\u00eds donde vivi\u00f3 durante d\u00e9cadas y del cual posee la ciudadan\u00eda.<\/p>\n","protected":false},"excerpt":{"rendered":"<p>El cardenal Daniel Sturla confirm\u00f3 que el pont\u00edfice planea viajar a Argentina y Uruguay. Tambi\u00e9n [&hellip;]<\/p>\n","protected":false},"author":1,"featured_media":942,"comment_status":"open","ping_status":"open","sticky":false,"template":"","format":"standard","meta":{"footnotes":""},"categories":[1],"tags":[],"_links":{"self":[{"href":"https:\/\/correntinoticias.com\/index.php\/wp-json\/wp\/v2\/posts\/941"}],"collection":[{"href":"https:\/\/correntinoticias.com\/index.php\/wp-json\/wp\/v2\/posts"}],"about":[{"href":"https:\/\/correntinoticias.com\/index.php\/wp-json\/wp\/v2\/types\/post"}],"author":[{"embeddable":true,"href":"https:\/\/correntinoticias.com\/index.php\/wp-json\/wp\/v2\/users\/1"}],"replies":[{"embeddable":true,"href":"https:\/\/correntinoticias.com\/index.php\/wp-json\/wp\/v2\/comments?post=941"}],"version-history":[{"count":1,"href":"https:\/\/correntinoticias.com\/index.php\/wp-json\/wp\/v2\/posts\/941\/revisions"}],"predecessor-version":[{"id":943,"href":"https:\/\/correntinoticias.com\/index.php\/wp-json\/wp\/v2\/posts\/941\/revisions\/943"}],"wp:featuredmedia":[{"embeddable":true,"href":"https:\/\/correntinoticias.com\/index.php\/wp-json\/wp\/v2\/media\/942"}],"wp:attachment":[{"href":"https:\/\/correntinoticias.com\/index.php\/wp-json\/wp\/v2\/media?parent=941"}],"wp:term":[{"taxonomy":"category","embeddable":true,"href":"https:\/\/correntinoticias.com\/index.php\/wp-json\/wp\/v2\/categories?post=941"},{"taxonomy":"post_tag","embeddable":true,"href":"https:\/\/correntinoticias.com\/index.php\/wp-json\/wp\/v2\/tags?post=941"}],"curies":[{"name":"wp","href":"https:\/\/api.w.org\/{rel}","templated":true}]}}