{"id":938,"date":"2025-05-24T21:45:34","date_gmt":"2025-05-24T21:45:34","guid":{"rendered":"https:\/\/correntinoticias.com\/?p=938"},"modified":"2025-05-24T21:45:35","modified_gmt":"2025-05-24T21:45:35","slug":"internaron-a-una-beba-que-cayo-en-un-balde-de-20-litros-con-agua","status":"publish","type":"post","link":"https:\/\/correntinoticias.com\/index.php\/2025\/05\/24\/internaron-a-una-beba-que-cayo-en-un-balde-de-20-litros-con-agua\/","title":{"rendered":"INTERNARON A UNA BEBA QUE CAY\u00d3 EN UN BALDE DE 20 LITROS CON AGUA"},"content":{"rendered":"\n<p>El tr\u00e1gico accidente ocurri\u00f3 en una vivienda de Santa Rosa de R\u00edo Primero. La peque\u00f1a fue trasladada de urgencia al Hospital de Ni\u00f1os de la capital cordobesa, donde contin\u00faa en estado delicado.<a rel=\"noreferrer noopener\" href=\"https:\/\/www.facebook.com\/sharer.php?u=https%3A%2F%2Fwww.radiosudamericana.com%2Fnota%2Fpoliciales%2F327263-Internaron-a-una-beba-que-cayo-en-un-balde-de-20-litros-con-agua.htm\" target=\"_blank\"><\/a><\/p>\n\n\n\n<p>Una beba de apenas un a\u00f1o fue internada en estado delicado tras caer en un balde con 20 litros de agua en su casa de Santa Rosa de R\u00edo Primero, provincia de C\u00f3rdoba. El dram\u00e1tico hecho ocurri\u00f3 el viernes por la tarde en una vivienda ubicada sobre la avenida Maip\u00fa al 1400, en el barrio San Roque de esa localidad.<\/p>\n\n\n\n<p>Aunque a\u00fan no se establecieron con precisi\u00f3n las circunstancias del accidente, todo indica que se trat\u00f3 de un episodio dom\u00e9stico. La madre de la menor fue quien advirti\u00f3 la situaci\u00f3n y de inmediato dio aviso a los servicios de emergencia.<\/p>\n\n\n\n<p>Al llegar al domicilio, el personal m\u00e9dico constat\u00f3 la gravedad del estado de la peque\u00f1a y orden\u00f3 su urgente traslado al Hospital de Ni\u00f1os de la ciudad de C\u00f3rdoba. Para acelerar el operativo, se mont\u00f3 un cord\u00f3n sanitario que permiti\u00f3 que la ambulancia llegara r\u00e1pidamente al centro de salud.<\/p>\n\n\n\n<p>Seg\u00fan informaron fuentes m\u00e9dicas y el sitio ElDoce.tv, la ni\u00f1a permanece internada en estado grave pero estable. Hasta el momento, no se iniciaron actuaciones judiciales y no se brindaron detalles adicionales sobre su evoluci\u00f3n.<\/p>\n","protected":false},"excerpt":{"rendered":"<p>El tr\u00e1gico accidente ocurri\u00f3 en una vivienda de Santa Rosa de R\u00edo Primero. La peque\u00f1a [&hellip;]<\/p>\n","protected":false},"author":1,"featured_media":939,"comment_status":"open","ping_status":"open","sticky":false,"template":"","format":"standard","meta":{"footnotes":""},"categories":[1],"tags":[],"_links":{"self":[{"href":"https:\/\/correntinoticias.com\/index.php\/wp-json\/wp\/v2\/posts\/938"}],"collection":[{"href":"https:\/\/correntinoticias.com\/index.php\/wp-json\/wp\/v2\/posts"}],"about":[{"href":"https:\/\/correntinoticias.com\/index.php\/wp-json\/wp\/v2\/types\/post"}],"author":[{"embeddable":true,"href":"https:\/\/correntinoticias.com\/index.php\/wp-json\/wp\/v2\/users\/1"}],"replies":[{"embeddable":true,"href":"https:\/\/correntinoticias.com\/index.php\/wp-json\/wp\/v2\/comments?post=938"}],"version-history":[{"count":1,"href":"https:\/\/correntinoticias.com\/index.php\/wp-json\/wp\/v2\/posts\/938\/revisions"}],"predecessor-version":[{"id":940,"href":"https:\/\/correntinoticias.com\/index.php\/wp-json\/wp\/v2\/posts\/938\/revisions\/940"}],"wp:featuredmedia":[{"embeddable":true,"href":"https:\/\/correntinoticias.com\/index.php\/wp-json\/wp\/v2\/media\/939"}],"wp:attachment":[{"href":"https:\/\/correntinoticias.com\/index.php\/wp-json\/wp\/v2\/media?parent=938"}],"wp:term":[{"taxonomy":"category","embeddable":true,"href":"https:\/\/correntinoticias.com\/index.php\/wp-json\/wp\/v2\/categories?post=938"},{"taxonomy":"post_tag","embeddable":true,"href":"https:\/\/correntinoticias.com\/index.php\/wp-json\/wp\/v2\/tags?post=938"}],"curies":[{"name":"wp","href":"https:\/\/api.w.org\/{rel}","templated":true}]}}