{"id":935,"date":"2025-05-24T21:43:19","date_gmt":"2025-05-24T21:43:19","guid":{"rendered":"https:\/\/correntinoticias.com\/?p=935"},"modified":"2025-05-24T21:43:20","modified_gmt":"2025-05-24T21:43:20","slug":"echaron-a-un-empleado-municipal-por-tener-sexo-en-horario-laboral","status":"publish","type":"post","link":"https:\/\/correntinoticias.com\/index.php\/2025\/05\/24\/echaron-a-un-empleado-municipal-por-tener-sexo-en-horario-laboral\/","title":{"rendered":"ECHARON A UN EMPLEADO MUNICIPAL POR TENER SEXO EN HORARIO LABORAL"},"content":{"rendered":"\n<p>El hecho ocurri\u00f3 en el Vivero Municipal de Catriel, R\u00edo Negro. Las c\u00e1maras de seguridad registraron el momento en que dos empleados ingresaron juntos a un ba\u00f1o durante la jornada laboral. La intendenta tom\u00f3 medidas inmediatas tras la difusi\u00f3n de las im\u00e1genes.<a rel=\"noreferrer noopener\" href=\"https:\/\/www.facebook.com\/sharer.php?u=https%3A%2F%2Fwww.radiosudamericana.com%2Fnota%2Fsociedad%2F327261-Echaron-a-un-empleado-municipal-por-tener-sexo-en-horario-laboral.htm\" target=\"_blank\"><\/a><\/p>\n\n\n\n<p>Un escandaloso episodio sacudi\u00f3 a la ciudad de Catriel, al norte de la provincia de R\u00edo Negro, luego de que se difundieran im\u00e1genes de dos empleados municipales manteniendo relaciones sexuales durante el horario laboral. El hecho fue registrado por las c\u00e1maras de seguridad del Vivero Municipal, lugar en el que ambos prestaban servicios.<\/p>\n\n\n\n<p>Seg\u00fan informaron medios locales, los protagonistas del episodio \u2014cuyas identidades no fueron reveladas\u2014 ingresaron juntos a un ba\u00f1o del edificio p\u00fablico durante la jornada laboral. A pesar de saber que estaban siendo grabados, no detuvieron su accionar. La secuencia lleg\u00f3 a manos de la intendenta Daniela Salzotto, quien actu\u00f3 de inmediato.<\/p>\n\n\n\n<p>El trabajador, que se desempe\u00f1aba como encargado de la cuadrilla del Vivero, fue despedido. En tanto, la mujer \u2014tambi\u00e9n empleada del municipio\u2014 no fue sancionada. Desde la Municipalidad explicaron que la decisi\u00f3n se bas\u00f3 en que el hombre ten\u00eda un cargo jer\u00e1rquico superior, lo que colocaba a la mujer en una \u201csituaci\u00f3n de vulnerabilidad\u201d.<\/p>\n\n\n\n<p>\u201cSolo se despidi\u00f3 al hombre porque consideraron que la mujer estaba en una situaci\u00f3n de vulnerabilidad por tratarse de un superior\u201d, detall\u00f3 una fuente del municipio al portal Catriel 25 Noticias.<\/p>\n","protected":false},"excerpt":{"rendered":"<p>El hecho ocurri\u00f3 en el Vivero Municipal de Catriel, R\u00edo Negro. Las c\u00e1maras de seguridad [&hellip;]<\/p>\n","protected":false},"author":1,"featured_media":936,"comment_status":"open","ping_status":"open","sticky":false,"template":"","format":"standard","meta":{"footnotes":""},"categories":[1],"tags":[],"_links":{"self":[{"href":"https:\/\/correntinoticias.com\/index.php\/wp-json\/wp\/v2\/posts\/935"}],"collection":[{"href":"https:\/\/correntinoticias.com\/index.php\/wp-json\/wp\/v2\/posts"}],"about":[{"href":"https:\/\/correntinoticias.com\/index.php\/wp-json\/wp\/v2\/types\/post"}],"author":[{"embeddable":true,"href":"https:\/\/correntinoticias.com\/index.php\/wp-json\/wp\/v2\/users\/1"}],"replies":[{"embeddable":true,"href":"https:\/\/correntinoticias.com\/index.php\/wp-json\/wp\/v2\/comments?post=935"}],"version-history":[{"count":1,"href":"https:\/\/correntinoticias.com\/index.php\/wp-json\/wp\/v2\/posts\/935\/revisions"}],"predecessor-version":[{"id":937,"href":"https:\/\/correntinoticias.com\/index.php\/wp-json\/wp\/v2\/posts\/935\/revisions\/937"}],"wp:featuredmedia":[{"embeddable":true,"href":"https:\/\/correntinoticias.com\/index.php\/wp-json\/wp\/v2\/media\/936"}],"wp:attachment":[{"href":"https:\/\/correntinoticias.com\/index.php\/wp-json\/wp\/v2\/media?parent=935"}],"wp:term":[{"taxonomy":"category","embeddable":true,"href":"https:\/\/correntinoticias.com\/index.php\/wp-json\/wp\/v2\/categories?post=935"},{"taxonomy":"post_tag","embeddable":true,"href":"https:\/\/correntinoticias.com\/index.php\/wp-json\/wp\/v2\/tags?post=935"}],"curies":[{"name":"wp","href":"https:\/\/api.w.org\/{rel}","templated":true}]}}