{"id":927,"date":"2025-04-15T22:21:00","date_gmt":"2025-04-15T22:21:00","guid":{"rendered":"https:\/\/correntinoticias.com\/?p=927"},"modified":"2025-04-15T22:21:00","modified_gmt":"2025-04-15T22:21:00","slug":"dalma-maradona-se-quebro-en-el-juicio-pudo-haberse-evitado","status":"publish","type":"post","link":"https:\/\/correntinoticias.com\/index.php\/2025\/04\/15\/dalma-maradona-se-quebro-en-el-juicio-pudo-haberse-evitado\/","title":{"rendered":"DALMA MARADONA SE QUEBR\u00d3 EN EL JUICIO: &#8220;PUDO HABERSE EVITADO&#8221;"},"content":{"rendered":"\n<p>La hija mayor de Diego y Claudia comenz\u00f3 su testimonio en el Tribunal Oral en lo Criminal N.\u00ba 3 de San Isidro pasadas las 16 horas. Lleg\u00f3 acompa\u00f1ada de Gianinna y Claudia Villafa\u00f1e.<a rel=\"noreferrer noopener\" href=\"https:\/\/www.facebook.com\/sharer.php?u=https%3A%2F%2Fwww.radiosudamericana.com%2Fnota%2Fespectaculos%2F325475-Dalma-Maradona-se-quebro-en-el-juicio--Pudo-haberse-evitado.htm\" target=\"_blank\"><\/a><\/p>\n\n\n\n<p>La und\u00e9cima audiencia del&nbsp;juicio por la muerte de&nbsp;Diego&nbsp;dio lugar a uno de los testimonios m\u00e1s esperados para el desarrollo del debate oral: la declaraci\u00f3n de&nbsp;Dalma Maradona, la hija mayor del Diez, quien se present\u00f3 este martes ante los jueces para dar detalles sobre el accionar del&nbsp;<strong>equipo m\u00e9dico que asisti\u00f3 a su padre en los d\u00edas previos a su fallecimiento.<\/strong><\/p>\n\n\n\n<p>Dalma lleg\u00f3 al Tribunal Oral en lo Criminal N.\u00ba 3 de San Isidro pasadas las 14 horas. Lo hizo acompa\u00f1ada de su hermana&nbsp;Gianinna&nbsp;-que ya hab\u00eda estado en el edificio de la calle Ituzaing\u00f3 al comienzo del juicio- y de su madre&nbsp;Claudia Villafa\u00f1e, quien hasta ahora&nbsp;nunca se hab\u00eda hecho presente en la sede judicial sanisidrense.<\/p>\n\n\n\n<p>Su testimonio comenz\u00f3 casi dos horas despu\u00e9s de su citaci\u00f3n, a las 16 horas. Fue luego de un cuarto intermedio y la resoluci\u00f3n de un planteo de nulidad tratado entre las partes.<\/p>\n\n\n\n<p>A su turno, Dalma record\u00f3 las \u00faltimas semanas antes de la muerte de Diego y asegur\u00f3 que ella hab\u00eda&nbsp;advertido reiteradas veces que el estado de salud de su padre estaba deteriorado.&nbsp;Adem\u00e1s, se larg\u00f3 a llorar cuando habl\u00f3 de&nbsp;c\u00f3mo era Maradona como pap\u00e1&nbsp;y rememorar&nbsp;el d\u00eda que se enter\u00f3 de su deceso.<\/p>\n\n\n\n<p><strong>\u201cLe hab\u00edamos dicho a Luque, Cosachov y D\u00edaz que no lo ve\u00edamos bien a pap\u00e1.<\/strong>&nbsp;Caminaba mal, a veces lo sent\u00edamos un poco perdido, nos llamaba por videollamada y no entend\u00edamos lo que dec\u00eda&#8221;, dijo en referencia al equipo m\u00e9dico personal del Diez, quienes&nbsp;ahora est\u00e1n imputados su responsabilidad en el fallecimiento de Diego.<\/p>\n\n\n\n<p>Ante el insistente reclamo de las hijas, los profesionales siempre respond\u00edan lo mismo, seg\u00fan Dalma: \u201cEllos nos dec\u00edan que era moment\u00e1neo,\u00a0que ten\u00eda semanas buenas y malas, pero que estaba bien, que estaba medicado\u201d<\/p>\n\n\n\n<p>Para la mayor de las hijas del astro del f\u00fatbol, todo cambi\u00f3 el d\u00eda del \u00faltimo cumplea\u00f1os de Maradona. M\u00e1s precisamente tras la celebraci\u00f3n que se hizo en el estadio del club Gimnasia y Esgrima de La Plata, donde p\u00fablicamente se lo vio con limitaciones f\u00edsicas.<\/p>\n\n\n\n<p>\u201cCuando mi pap\u00e1 sale a la cancha y&nbsp;todos lo vieron mal en la televisi\u00f3n, fue muy notorio.&nbsp;Era lo que nosotras ven\u00edamos diciendo.&nbsp;<strong>Mi pap\u00e1 no estaba bien,&nbsp;estaba lento, perdido.<\/strong>&nbsp;A partir de ese d\u00eda s\u00ed empezaron a decir que hab\u00eda que hacerle estudios, pero nosotras lo dec\u00edamos de antes\u201d, record\u00f3 Dalma.<\/p>\n\n\n\n<p>Luego volvi\u00f3 a apuntar contra los imputados Luque, Cosachov y D\u00edaz, a quienes se\u00f1al\u00f3 como quienes&nbsp;convencieron a los familiares de que la internaci\u00f3n domiciliaria&nbsp;era la mejor opci\u00f3n para Maradona luego de la operaci\u00f3n de cabeza a la que fue sometido el Diez a principios de noviembre de 2020.<\/p>\n\n\n\n<p><strong>\u201cNos prometieron una internaci\u00f3n domiciliaria que nunca sucedi\u00f3.&nbsp;No hubo ambulancia ni enfermeros&#8221;<\/strong>, afirm\u00f3 la hija del ex DT de la selecci\u00f3n argentina.<\/p>\n\n\n\n<p>Y agreg\u00f3: \u201cNos prometieron enfermeras 24 horas, gente que estuviera ah\u00ed para tomarle la presi\u00f3n y darle las pastillas.&nbsp;Tambi\u00e9n acompa\u00f1antes terap\u00e9uticos, una ambulancia y aparatolog\u00eda que la daba la prepaga. Eso nunca pas\u00f3\u201d.<\/p>\n\n\n\n<p>Sobre Luque, Dalma Maradona dijo que \u00e9l \u201cnunca le cerr\u00f3\u201d. \u201cPero era su m\u00e9dico de cabecera y nunca pens\u00e9 que no fuera a decidir lo mejor para mi pap\u00e1\u201d, declar\u00f3 ante los jueces.<\/p>\n\n\n\n<p>En este sentido, se explay\u00f3 sobre los motivos por los cuales el neurocirujano no era de su confianza: \u201c\u00c9l y su hermano hab\u00edan estado involucrados en la muerte de una persona en a\u00f1o nuevo. A Gianinna y a m\u00ed no nos cerraba. Yo ten\u00eda mis dudas, pero por supuesto nosotras no ten\u00edamos mucha injerencia. Pod\u00edamos decir lo que nos parec\u00eda, pero no decid\u00edamos nada\u201d.<\/p>\n\n\n\n<h2 class=\"wp-block-heading\"><strong>El llanto al recordar a su pap\u00e1<\/strong><\/h2>\n\n\n\n<p>Dalma Maradona&nbsp;se quebr\u00f3 al recordar c\u00f3mo era Maradona como padre. \u201cA diferencia de lo que mucha gente pueda pensar, era un pap\u00e1 muy presente. Yo compart\u00ed toda mi infancia y adolescencia con \u00e9l, con vaivenes, siempre fue muy amoroso tanto con Gianinna como conmigo. M\u00e1s all\u00e1 de que ten\u00eda este problema de las adicciones que acompa\u00f1amos de la manera que pudimos las tres y que me da mucho orgullo que \u00e9l dijera que se hab\u00eda podido recuperar gracias a nosotras\u201d.<\/p>\n\n\n\n<p>Luego compar\u00f3 ese recuerdo con el de las&nbsp;\u00faltimas veces que lo vio antes de su muerte.&nbsp;Fue por videollamada debido a que era \u00e9poca de pandemia y a que, una vez ingresado en la internaci\u00f3n domiciliaria de Tigre, el psic\u00f3logo&nbsp;Carlos D\u00edaz&nbsp;-ahora imputado- le hab\u00eda pedido a&nbsp;toda la familia que no visitaran para no agobiarlo.<\/p>\n\n\n\n<p><strong>\u201cEl \u00faltimo tiempo ya no reconoc\u00ed a mi pap\u00e1 porque ya no se re\u00eda, se perd\u00eda.<\/strong>&nbsp;Est\u00e1bamos en una videollamada y no sab\u00eda qui\u00e9n estaba del otro lado\u201d, lament\u00f3 Dalma.<\/p>\n\n\n\n<p>La hija mayor de Diego no vio al Diez durante el tiempo que estuvo internado en la casa del barrio San Andr\u00e9s, en Tigre. La \u00faltima vez que lo tuvo enfrente con vida&nbsp;fue luego de la operaci\u00f3n en la Cl\u00ednica Olivos.&nbsp;La pr\u00f3xima ya fue el 25 de noviembre de 2020, tras su muerte.<\/p>\n\n\n\n<p><strong>Sobre aquel d\u00eda, record\u00f3: \u201cLo vi muy hinchado.&nbsp;<\/strong>Estaba tapado con una s\u00e1bana, pero igual se pod\u00eda ver que estaba muy hinchado.&nbsp;Yo me tiro encima cuando entro porque pensaba que se iba a despertar de alguna manera o algo, pero estaba muy hinchado. Ten\u00eda las manos muy hinchadas, la panza, el cuerpo, todo\u201d.<\/p>\n\n\n\n<p>\u201cYo llego con mi mam\u00e1 porque Gianinna nos llama diciendo que \u00e9l no se sent\u00eda bien y que lo estaban reanimando. En el medio del camino nos llama Gianinna porque ella cre\u00eda que pap\u00e1 ya no estaba bien. Y obviamente cuando llegu\u00e9 no hab\u00eda nadie, la vi a Gianinna y entr\u00e9 a la habitaci\u00f3n\u201d, agreg\u00f3 sobre c\u00f3mo se enter\u00f3 del fallecimiento.<\/p>\n\n\n\n<h2 class=\"wp-block-heading\"><strong>Su dolor por el accionar de los imputados con Maradona<\/strong><\/h2>\n\n\n\n<p>Hacia el final de su testimonio, Dalma, que se mantuvo firme durante casi toda su exposici\u00f3n ante los jueces, volvi\u00f3 a quebrarse al mencionar c\u00f3mo cambi\u00f3 su vida la abrupta muerte de su pap\u00e1.<\/p>\n\n\n\n<p>\u201cNos pasa que nos seguimos enterando cosas al d\u00eda de hoy. Pasados cuatro a\u00f1os, seguimos escuchando de la manera que se refer\u00edan a mi pap\u00e1&nbsp;tanto Luque, Cosachov y D\u00edaz.&nbsp;Como hablaban de \u00e9l, como se re\u00edan de \u00e9l, como hac\u00edan el tratamiento y c\u00f3mo termin\u00f3. Sigue siendo muy doloroso&nbsp;el maltrato que recibi\u00f3 y yo no sab\u00eda.&nbsp;En lo que a m\u00ed respecta&nbsp;lo extra\u00f1o todos los d\u00edas de mi vida&nbsp;y&nbsp;<strong>si ellos hubieran hecho su trabajo, esto se podr\u00eda haber evitado\u201d,<\/strong>&nbsp;reflexion\u00f3.<\/p>\n\n\n\n<p>Y concluy\u00f3: \u201cCuando nos dijeron que estuvo agonizando y que nadie le ofreci\u00f3 ayuda, fue muy doloroso. Tengo la tranquilidad de saber que hice todo lo que ten\u00eda a mi alcance. Nunca pens\u00e9 que este fuera a ser el desenlace\u201d.<\/p>\n","protected":false},"excerpt":{"rendered":"<p>La hija mayor de Diego y Claudia comenz\u00f3 su testimonio en el Tribunal Oral en [&hellip;]<\/p>\n","protected":false},"author":1,"featured_media":928,"comment_status":"open","ping_status":"open","sticky":false,"template":"","format":"standard","meta":{"footnotes":""},"categories":[1],"tags":[],"_links":{"self":[{"href":"https:\/\/correntinoticias.com\/index.php\/wp-json\/wp\/v2\/posts\/927"}],"collection":[{"href":"https:\/\/correntinoticias.com\/index.php\/wp-json\/wp\/v2\/posts"}],"about":[{"href":"https:\/\/correntinoticias.com\/index.php\/wp-json\/wp\/v2\/types\/post"}],"author":[{"embeddable":true,"href":"https:\/\/correntinoticias.com\/index.php\/wp-json\/wp\/v2\/users\/1"}],"replies":[{"embeddable":true,"href":"https:\/\/correntinoticias.com\/index.php\/wp-json\/wp\/v2\/comments?post=927"}],"version-history":[{"count":1,"href":"https:\/\/correntinoticias.com\/index.php\/wp-json\/wp\/v2\/posts\/927\/revisions"}],"predecessor-version":[{"id":929,"href":"https:\/\/correntinoticias.com\/index.php\/wp-json\/wp\/v2\/posts\/927\/revisions\/929"}],"wp:featuredmedia":[{"embeddable":true,"href":"https:\/\/correntinoticias.com\/index.php\/wp-json\/wp\/v2\/media\/928"}],"wp:attachment":[{"href":"https:\/\/correntinoticias.com\/index.php\/wp-json\/wp\/v2\/media?parent=927"}],"wp:term":[{"taxonomy":"category","embeddable":true,"href":"https:\/\/correntinoticias.com\/index.php\/wp-json\/wp\/v2\/categories?post=927"},{"taxonomy":"post_tag","embeddable":true,"href":"https:\/\/correntinoticias.com\/index.php\/wp-json\/wp\/v2\/tags?post=927"}],"curies":[{"name":"wp","href":"https:\/\/api.w.org\/{rel}","templated":true}]}}