{"id":924,"date":"2025-04-15T22:19:22","date_gmt":"2025-04-15T22:19:22","guid":{"rendered":"https:\/\/correntinoticias.com\/?p=924"},"modified":"2025-04-15T22:19:22","modified_gmt":"2025-04-15T22:19:22","slug":"jubilacion-de-privilegio-funcionarios-de-la-anses-deberan-justificar-el-pago-del-plus","status":"publish","type":"post","link":"https:\/\/correntinoticias.com\/index.php\/2025\/04\/15\/jubilacion-de-privilegio-funcionarios-de-la-anses-deberan-justificar-el-pago-del-plus\/","title":{"rendered":"JUBILACI\u00d3N DE PRIVILEGIO: FUNCIONARIOS DE LA ANSES DEBER\u00c1N JUSTIFICAR EL PAGO DEL PLUS"},"content":{"rendered":"\n<p>El fiscal Gerardo Pollicita busca determinar qui\u00e9n autoriz\u00f3 el cobro de un extra para la expresidenta por residir en \u201czona austral\u201d. \u00a0<a rel=\"noreferrer noopener\" href=\"https:\/\/www.facebook.com\/sharer.php?u=https%3A%2F%2Fwww.radiosudamericana.com%2Fnota%2Fpolitica%2F325476-Jubilacion-de-privilegio--funcionarios-de-la-ANSES-deberan-justificar-el-pago-del-plus.htm\" target=\"_blank\"><\/a><\/p>\n\n\n\n<p>En el marco de la causa que investiga el plus millonario que cobraba Cristina Kirchner en su jubilaci\u00f3n de privilegio, el fiscal Gerardo Pollicita llam\u00f3 a indagatoria a funcionarios de la ANSES que firmaron la habilitaci\u00f3n del beneficio.<\/p>\n\n\n\n<p>La expresidenta cobraba un plus de 6 millones de pesos por \u201czona austral\u201d mientras resid\u00eda en su departamento del barrio de Recoleta, en Capital Federal, y no en la provincia de Santa Cruz, que habilitar\u00eda el cobro de dicho beneficio.<\/p>\n\n\n\n<p>En las pr\u00f3ximas semanas, deber\u00e1n declarar Cristian Villani, director de Gesti\u00f3n Administrativa y T\u00e9cnica dependiente de del \u00c1rea de Dise\u00f1o de Normas y Procesos de la ANSES, y Mar\u00eda Alejandra Bergamaschi, ex directora de la Direcci\u00f3n General de Normas y Procesos del organismo.<\/p>\n\n\n\n<p>Pollicita busca determinar qui\u00e9nes interven\u00edan en la asignaci\u00f3n, control y pago de jubilaciones de exmandatarios y, bajo esa premisa, ya realiz\u00f3 una primera ronda de indagatorias a empleados y exempleados de ANSES pero no obtuvo respuestas precisas.<\/p>\n\n\n\n<p>En el expediente que se tramita en Comodoro Py, Cristina Kirchner fue denunciada por la propia ANSES por administraci\u00f3n fraudulenta, estafa y falsedad ideol\u00f3gica. Cuando respondi\u00f3 la demanda, la exvicepresidenta argument\u00f3 que su domicilio se encuentra en R\u00edo Gallegos, ciudad donde ejerce su derecho al voto, motivo por el cu\u00e1l le corresponde el cobro del plus cuestionado.<\/p>\n\n\n\n<p>En diciembre, el gobierno de Javier Milei dio de baja la jubilaci\u00f3n de privilegio de Cristina Kirchner y la pensi\u00f3n vitalicia que percib\u00eda como viuda del expresidente N\u00e9stor Kirchner, tras la confirmaci\u00f3n de la pena a la expresidenta en la Causa Vialidad.<\/p>\n\n\n\n<p>Seg\u00fan el Ejecutivo, la expresidenta cobrada unos $21.827.624 mensuales netos y, la quita de la jubilaci\u00f3n, se justifica, entre otros supuestos, porque se trata de un \u201cbeneficio previsto por la Ley N\u00b0 24.018 para ex presidentes y ex vicepresidentes de la Naci\u00f3n, es una asignaci\u00f3n graciable, sin car\u00e1cter previsional, que se otorga como contraprestaci\u00f3n al honor, m\u00e9rito y el buen desempe\u00f1o del cargo. No tiene car\u00e1cter contributivo -esto es, no est\u00e1 sustentada en aportes equivalentes realizados por el propio beneficiario- sino que constituye una gracia otorgada en reconocimiento del m\u00e9rito y del honor\u201d.<\/p>\n\n\n\n<p>Tras conocerse la decisi\u00f3n del gobierno, la defensa de Cristina Kirchner interpuso un recurso de nulidad para impedir la medida donde consider\u00f3 que se trata de un paso \u201cilegal y autoritario\u201d que le hayan sacado los haberes mensuales que percib\u00eda por haber sido presidenta de la Naci\u00f3n.<\/p>\n\n\n\n<p>Su abogado asegur\u00f3 que \u201cno se dio cumplimiento al requisito de permitir la defensa del administrado\u201d. Y agreg\u00f3: \u201cSi bien la administraci\u00f3n argument\u00f3 que correspond\u00eda suspender la ejecuci\u00f3n de un acto administrativo, no explic\u00f3 los motivos por los cuales dichos argumentos le permiten tambi\u00e9n quebrantar una ley nacional\u201d.<\/p>\n\n\n\n<p>Esta causa se tramita actualmente en el fuero de la Seguridad Social.<\/p>\n","protected":false},"excerpt":{"rendered":"<p>El fiscal Gerardo Pollicita busca determinar qui\u00e9n autoriz\u00f3 el cobro de un extra para la [&hellip;]<\/p>\n","protected":false},"author":1,"featured_media":925,"comment_status":"open","ping_status":"open","sticky":false,"template":"","format":"standard","meta":{"footnotes":""},"categories":[1],"tags":[],"_links":{"self":[{"href":"https:\/\/correntinoticias.com\/index.php\/wp-json\/wp\/v2\/posts\/924"}],"collection":[{"href":"https:\/\/correntinoticias.com\/index.php\/wp-json\/wp\/v2\/posts"}],"about":[{"href":"https:\/\/correntinoticias.com\/index.php\/wp-json\/wp\/v2\/types\/post"}],"author":[{"embeddable":true,"href":"https:\/\/correntinoticias.com\/index.php\/wp-json\/wp\/v2\/users\/1"}],"replies":[{"embeddable":true,"href":"https:\/\/correntinoticias.com\/index.php\/wp-json\/wp\/v2\/comments?post=924"}],"version-history":[{"count":1,"href":"https:\/\/correntinoticias.com\/index.php\/wp-json\/wp\/v2\/posts\/924\/revisions"}],"predecessor-version":[{"id":926,"href":"https:\/\/correntinoticias.com\/index.php\/wp-json\/wp\/v2\/posts\/924\/revisions\/926"}],"wp:featuredmedia":[{"embeddable":true,"href":"https:\/\/correntinoticias.com\/index.php\/wp-json\/wp\/v2\/media\/925"}],"wp:attachment":[{"href":"https:\/\/correntinoticias.com\/index.php\/wp-json\/wp\/v2\/media?parent=924"}],"wp:term":[{"taxonomy":"category","embeddable":true,"href":"https:\/\/correntinoticias.com\/index.php\/wp-json\/wp\/v2\/categories?post=924"},{"taxonomy":"post_tag","embeddable":true,"href":"https:\/\/correntinoticias.com\/index.php\/wp-json\/wp\/v2\/tags?post=924"}],"curies":[{"name":"wp","href":"https:\/\/api.w.org\/{rel}","templated":true}]}}