{"id":907,"date":"2025-03-24T20:48:24","date_gmt":"2025-03-24T20:48:24","guid":{"rendered":"https:\/\/correntinoticias.com\/?p=907"},"modified":"2025-03-24T20:48:24","modified_gmt":"2025-03-24T20:48:24","slug":"chaco-convocan-a-una-marcha-por-el-femicidio-de-sol-gomez-montiel","status":"publish","type":"post","link":"https:\/\/correntinoticias.com\/index.php\/2025\/03\/24\/chaco-convocan-a-una-marcha-por-el-femicidio-de-sol-gomez-montiel\/","title":{"rendered":"CHACO: CONVOCAN A UNA MARCHA POR EL FEMICIDIO DE SOL G\u00d3MEZ MONTIEL"},"content":{"rendered":"\n<p>El reclamo tiene como objetivo exigir justicia por el crimen\u00a0de Sol Selena G\u00f3mez Montiel.\u00a0La familia de la v\u00edctima solicit\u00f3 a quienes asistan que lleven carteles y antorchas como s\u00edmbolo de su pedido de justicia.<a rel=\"noreferrer noopener\" href=\"https:\/\/www.facebook.com\/sharer.php?u=https%3A%2F%2Fwww.radiosudamericana.com%2Fnota%2Fpoliciales%2F324334-Chaco--convocan-a-una-marcha-por-el-femicidio-de-Sol-Gomez-Montiel.htm\" target=\"_blank\"><\/a><\/p>\n\n\n\n<p>Familiares y amigos de\u00a0<strong>Sol Selena G\u00f3mez Montiel<\/strong>, la adolescente de 13 a\u00f1os asesinada el pasado viernes en el Barrio Aipo de Fontana, convocan a una\u00a0<strong>marcha\u00a0<\/strong>este\u00a0<strong>martes 25 de marzo a las 18:30 en el m\u00e1stil de la avenida 9 de Julio<\/strong>, en Resistencia, Chaco.<\/p>\n\n\n\n<p>El reclamo tiene como objetivo exigir justicia por el crimen, por el cual est\u00e1 detenido B. A. C., de 18 a\u00f1os. La familia de la v\u00edctima solicit\u00f3 a quienes asistan que lleven&nbsp;<strong>carteles y antorchas como s\u00edmbolo de su pedido de justicia.<\/strong><\/p>\n\n\n\n<p><strong>\u201cMa\u00f1ana los esperamos para hacer justicia por Solcito, por favor vengan todos para hacer m\u00e1s fuerza\u201d<\/strong>, expres\u00f3 Micaela Montiel, madre de la adolescente.<\/p>\n\n\n\n<p>La abuela Julia Montiel y el padre de la v\u00edctima, Germ\u00e1n G\u00f3mez, tambi\u00e9n acompa\u00f1aron el llamado a la movilizaci\u00f3n, esperando una gran participaci\u00f3n de la comunidad en apoyo al reclamo.<\/p>\n","protected":false},"excerpt":{"rendered":"<p>El reclamo tiene como objetivo exigir justicia por el crimen\u00a0de Sol Selena G\u00f3mez Montiel.\u00a0La familia [&hellip;]<\/p>\n","protected":false},"author":1,"featured_media":908,"comment_status":"open","ping_status":"open","sticky":false,"template":"","format":"standard","meta":{"footnotes":""},"categories":[1],"tags":[],"_links":{"self":[{"href":"https:\/\/correntinoticias.com\/index.php\/wp-json\/wp\/v2\/posts\/907"}],"collection":[{"href":"https:\/\/correntinoticias.com\/index.php\/wp-json\/wp\/v2\/posts"}],"about":[{"href":"https:\/\/correntinoticias.com\/index.php\/wp-json\/wp\/v2\/types\/post"}],"author":[{"embeddable":true,"href":"https:\/\/correntinoticias.com\/index.php\/wp-json\/wp\/v2\/users\/1"}],"replies":[{"embeddable":true,"href":"https:\/\/correntinoticias.com\/index.php\/wp-json\/wp\/v2\/comments?post=907"}],"version-history":[{"count":1,"href":"https:\/\/correntinoticias.com\/index.php\/wp-json\/wp\/v2\/posts\/907\/revisions"}],"predecessor-version":[{"id":909,"href":"https:\/\/correntinoticias.com\/index.php\/wp-json\/wp\/v2\/posts\/907\/revisions\/909"}],"wp:featuredmedia":[{"embeddable":true,"href":"https:\/\/correntinoticias.com\/index.php\/wp-json\/wp\/v2\/media\/908"}],"wp:attachment":[{"href":"https:\/\/correntinoticias.com\/index.php\/wp-json\/wp\/v2\/media?parent=907"}],"wp:term":[{"taxonomy":"category","embeddable":true,"href":"https:\/\/correntinoticias.com\/index.php\/wp-json\/wp\/v2\/categories?post=907"},{"taxonomy":"post_tag","embeddable":true,"href":"https:\/\/correntinoticias.com\/index.php\/wp-json\/wp\/v2\/tags?post=907"}],"curies":[{"name":"wp","href":"https:\/\/api.w.org\/{rel}","templated":true}]}}