{"id":898,"date":"2025-03-24T20:40:09","date_gmt":"2025-03-24T20:40:09","guid":{"rendered":"https:\/\/correntinoticias.com\/?p=898"},"modified":"2025-03-24T20:40:09","modified_gmt":"2025-03-24T20:40:09","slug":"polemica-por-la-foto-que-se-saco-un-ex-arbitro-en-el-upd-de-su-hija","status":"publish","type":"post","link":"https:\/\/correntinoticias.com\/index.php\/2025\/03\/24\/polemica-por-la-foto-que-se-saco-un-ex-arbitro-en-el-upd-de-su-hija\/","title":{"rendered":"POL\u00c9MICA POR LA FOTO QUE SE SAC\u00d3 UN EX \u00c1RBITRO EN EL UPD DE SU HIJA"},"content":{"rendered":"\n<p>Germ\u00e1n Delfino dio detalles de la imagen que gener\u00f3 una ola de comentarios en las redes sociales. \u201cMi hija se sinti\u00f3 muy mal ese d\u00eda\u201d, dijo.<a rel=\"noreferrer noopener\" href=\"https:\/\/www.facebook.com\/sharer.php?u=https%3A%2F%2Fwww.radiosudamericana.com%2Fnota%2Fdeportes%2F324335-Polemica-por-la-foto-que-se-saco-un-ex-arbitro-en-el-UPD-de-su-hija.htm\" target=\"_blank\"><\/a><\/p>\n\n\n\n<p>El ex \u00e1rbitro argentino Germ\u00e1n Delfino qued\u00f3 en el centro de la controversia tras la viralizaci\u00f3n de una foto junto a su hija en la celebraci\u00f3n del \u00daltimo Primer D\u00eda (UPD). La imagen, que fue compartida en redes sociales, gener\u00f3 cr\u00edticas debido a la frase estampada en la prenda de la joven:\u00a0<em><strong>&#8220;Mi pap\u00e1 toca silbatos y yo toco pitos&#8221;<\/strong><\/em>.<\/p>\n\n\n\n<p>El contenido del mensaje desat\u00f3 una ola de indignaci\u00f3n en redes, donde muchos usuarios cuestionaron el significado de la frase y el hecho de que el propio Delfino haya permitido su difusi\u00f3n.&nbsp;<strong><em>&#8220;No puede dar ese mensaje&#8221;<\/em><\/strong>,&nbsp;<strong><em>&#8220;Esto es un mont\u00f3n&#8221;<\/em><\/strong>&nbsp;y&nbsp;<strong><em>&#8220;Se lo toman con humor, pero es grave&#8221;<\/em><\/strong>, fueron algunos de los comentarios de los internautas.<\/p>\n\n\n\n<p>Ante la viralizaci\u00f3n, el ex\u00e1rbitro defendi\u00f3 a su hija y lament\u00f3 la exposici\u00f3n p\u00fablica de la imagen.&nbsp;<strong><em>&#8220;Era algo de ella que le robaron sin su permiso&#8221;<\/em><\/strong>, asegur\u00f3 en declaraciones a TN. Adem\u00e1s, reconoci\u00f3 que su hija se sinti\u00f3&nbsp;<strong><em>&#8220;muy mal&#8221;<\/em><\/strong>&nbsp;por la repercusi\u00f3n del tema.<\/p>\n\n\n\n<p>Delfino, quien al momento de la pol\u00e9mica se encontraba en Per\u00fa trabajando en el VAR de las Eliminatorias Sudamericanas, minimiz\u00f3 la situaci\u00f3n y consider\u00f3 que fue un episodio&nbsp;<strong><em>&#8220;inocente&#8221;<\/em><\/strong>&nbsp;propio de la edad.<strong><em>&nbsp;&#8220;Fue un festejo de ella, no entiendo la gravedad de la situaci\u00f3n&#8221;<\/em><\/strong>, concluy\u00f3.<\/p>\n","protected":false},"excerpt":{"rendered":"<p>Germ\u00e1n Delfino dio detalles de la imagen que gener\u00f3 una ola de comentarios en las [&hellip;]<\/p>\n","protected":false},"author":1,"featured_media":899,"comment_status":"open","ping_status":"open","sticky":false,"template":"","format":"standard","meta":{"footnotes":""},"categories":[1],"tags":[],"_links":{"self":[{"href":"https:\/\/correntinoticias.com\/index.php\/wp-json\/wp\/v2\/posts\/898"}],"collection":[{"href":"https:\/\/correntinoticias.com\/index.php\/wp-json\/wp\/v2\/posts"}],"about":[{"href":"https:\/\/correntinoticias.com\/index.php\/wp-json\/wp\/v2\/types\/post"}],"author":[{"embeddable":true,"href":"https:\/\/correntinoticias.com\/index.php\/wp-json\/wp\/v2\/users\/1"}],"replies":[{"embeddable":true,"href":"https:\/\/correntinoticias.com\/index.php\/wp-json\/wp\/v2\/comments?post=898"}],"version-history":[{"count":1,"href":"https:\/\/correntinoticias.com\/index.php\/wp-json\/wp\/v2\/posts\/898\/revisions"}],"predecessor-version":[{"id":900,"href":"https:\/\/correntinoticias.com\/index.php\/wp-json\/wp\/v2\/posts\/898\/revisions\/900"}],"wp:featuredmedia":[{"embeddable":true,"href":"https:\/\/correntinoticias.com\/index.php\/wp-json\/wp\/v2\/media\/899"}],"wp:attachment":[{"href":"https:\/\/correntinoticias.com\/index.php\/wp-json\/wp\/v2\/media?parent=898"}],"wp:term":[{"taxonomy":"category","embeddable":true,"href":"https:\/\/correntinoticias.com\/index.php\/wp-json\/wp\/v2\/categories?post=898"},{"taxonomy":"post_tag","embeddable":true,"href":"https:\/\/correntinoticias.com\/index.php\/wp-json\/wp\/v2\/tags?post=898"}],"curies":[{"name":"wp","href":"https:\/\/api.w.org\/{rel}","templated":true}]}}