{"id":895,"date":"2025-03-24T20:38:39","date_gmt":"2025-03-24T20:38:39","guid":{"rendered":"https:\/\/correntinoticias.com\/?p=895"},"modified":"2025-03-24T20:38:39","modified_gmt":"2025-03-24T20:38:39","slug":"acuerdo-con-el-fmi-es-un-compromiso-para-renovar-la-deuda","status":"publish","type":"post","link":"https:\/\/correntinoticias.com\/index.php\/2025\/03\/24\/acuerdo-con-el-fmi-es-un-compromiso-para-renovar-la-deuda\/","title":{"rendered":"ACUERDO CON EL FMI: &#8220;ES UN COMPROMISO PARA RENOVAR LA DEUDA&#8221;"},"content":{"rendered":"\n<p>El analista pol\u00edtico Carlos Fara dialog\u00f3 con Sudamericana sobre el reciente acuerdo del gobierno argentino intenta alcanzar con el Fondo Monetario Internacional (FMI). Seg\u00fan su evaluaci\u00f3n, el pacto otorgar\u00e1 aire a la administraci\u00f3n de Javier Milei y lo perfila mejor de cara a las elecciones 2025.\u00a0<a rel=\"noreferrer noopener\" href=\"https:\/\/www.facebook.com\/sharer.php?u=https%3A%2F%2Fwww.radiosudamericana.com%2Fnota%2Fpolitica%2F324318-Acuerdo-con-el-FMI--Es-un-compromiso-para-renovar-la-deuda.htm\" target=\"_blank\"><\/a><\/p>\n\n\n\n<p>El analista pol\u00edtico Carlos Fara dialog\u00f3 con Sudamericana y brind\u00f3 su an\u00e1lisis sobre&nbsp;<strong>la situaci\u00f3n del gobierno de Javier Milei y el acuerdo con el Fondo Monetario Internacional (FMI).&nbsp;<\/strong><\/p>\n\n\n\n<p>Seg\u00fan Fara, la reciente aprobaci\u00f3n del Decreto de Necesidad y Urgencia (DNU), que habilita el acuerdo con el FMI, permiti\u00f3 al gobierno &#8220;tomar ox\u00edgeno&#8221; en un momento de turbulencia pol\u00edtica y financiera. &#8220;Eso lo blinda de tener que pasar por dolores de cabeza en el Congreso, m\u00e1s all\u00e1 de que eventualmente puede haber alg\u00fan cuestionamiento&#8221;, explic\u00f3.<\/p>\n\n\n\n<p>No obstante, el analista advirti\u00f3 que &#8220;faltan detalles&#8221; para que el acuerdo est\u00e9 completamente cerrado. &#8220;Estaba claro que el FMI va a tratar de ayudar a Argentina porque es su mayor deudor a nivel mundial, y Argentina no podr\u00e1 enfrentar los compromisos de los pr\u00f3ximos a\u00f1os&#8221;, sostuvo. Seg\u00fan el analista, el objetivo del pr\u00e9stamo es un compromiso de renovar la deuda&#8221;.<\/p>\n\n\n\n<p><audio src=\"https:\/\/www.radiosudamericana.com\/notix\/multimedia\/audios\/2025-03-24\/544454.mp3\"><\/audio><\/p>\n\n\n\n<p>Ser\u00e1 importante la pol\u00edtica cambiaria nacional y la postura del Fondo respecto al tipo de cambio. &#8220;El FMI pretende que el gobierno no cambie la pol\u00edtica de cambio fijo para poder recomponer divisas&#8221;, destac\u00f3 Fara. Adem\u00e1s,&nbsp;<strong>record\u00f3 que Argentina sigue en &#8220;saldo negativo en el Banco Central&#8221;,&nbsp;<\/strong>lo que complica la posibilidad de salir del cepo cambiario r\u00e1pidamente.<\/p>\n\n\n\n<h2 class=\"wp-block-heading\"><strong>\u00bfEs una nueva deuda?<\/strong><\/h2>\n\n\n\n<p>Ante la pregunta sobre si el acuerdo con el FMI implica una nueva deuda, Fara aclar\u00f3: &#8220;Se refinancia una parte y se agrega un extra&#8221;. Sin embargo, destac\u00f3 que la clave radica en el destino de los fondos: &#8220;Depende de para qu\u00e9 le den la plata a la Argentina: si para que est\u00e9 en el Banco Central como respaldo o para intervenir en el valor del d\u00f3lar, como pas\u00f3 en el gobierno de Macri&#8221;. En este \u00faltimo caso, advirti\u00f3 que eso podr\u00eda significar\u00a0<strong>&#8220;ir gastando dinero innecesariamente&#8221;<\/strong><\/p>\n\n\n\n<h2 class=\"wp-block-heading\"><strong>Elecciones 2025<\/strong><\/h2>\n\n\n\n<p>En cuanto a la importancia pol\u00edtica del acuerdo, Fara sostuvo: &#8220;El gobierno tiene que llegar a octubre mostrando un gran logro, que es el control de la inflaci\u00f3n&#8221;. Seg\u00fan el analista, para el oficialismo&nbsp;<strong>&#8220;tratar\u00e1 de controlar el valor del d\u00f3lar hasta el final&#8221;.<\/strong><\/p>\n\n\n\n<p>En este sentido, advirti\u00f3 que cualquier traspi\u00e9 en la econom\u00eda podr\u00eda tener consecuencias electorales.&nbsp;<strong>&#8220;Si el esquema econ\u00f3mico sufre alg\u00fan traspi\u00e9, eso puede afectar el valor del d\u00f3lar, la inflaci\u00f3n y, por lo tanto, el escenario electoral&#8221;<\/strong>, afirm\u00f3.<\/p>\n\n\n\n<p>Respecto a 2025, Fara proyect\u00f3 un a\u00f1o mejor que 2024, con menor inflaci\u00f3n y una recuperaci\u00f3n econ\u00f3mica progresiva. Sin embargo, advirti\u00f3 que existen riesgos. &#8220;El punto es si, con la turbulencia internacional y los interrogantes del esquema econ\u00f3mico, el gobierno no sufre alg\u00fan dolor de cabeza antes de la elecci\u00f3n&#8221;, indic\u00f3.<\/p>\n","protected":false},"excerpt":{"rendered":"<p>El analista pol\u00edtico Carlos Fara dialog\u00f3 con Sudamericana sobre el reciente acuerdo del gobierno argentino [&hellip;]<\/p>\n","protected":false},"author":1,"featured_media":896,"comment_status":"open","ping_status":"open","sticky":false,"template":"","format":"standard","meta":{"footnotes":""},"categories":[1],"tags":[],"_links":{"self":[{"href":"https:\/\/correntinoticias.com\/index.php\/wp-json\/wp\/v2\/posts\/895"}],"collection":[{"href":"https:\/\/correntinoticias.com\/index.php\/wp-json\/wp\/v2\/posts"}],"about":[{"href":"https:\/\/correntinoticias.com\/index.php\/wp-json\/wp\/v2\/types\/post"}],"author":[{"embeddable":true,"href":"https:\/\/correntinoticias.com\/index.php\/wp-json\/wp\/v2\/users\/1"}],"replies":[{"embeddable":true,"href":"https:\/\/correntinoticias.com\/index.php\/wp-json\/wp\/v2\/comments?post=895"}],"version-history":[{"count":1,"href":"https:\/\/correntinoticias.com\/index.php\/wp-json\/wp\/v2\/posts\/895\/revisions"}],"predecessor-version":[{"id":897,"href":"https:\/\/correntinoticias.com\/index.php\/wp-json\/wp\/v2\/posts\/895\/revisions\/897"}],"wp:featuredmedia":[{"embeddable":true,"href":"https:\/\/correntinoticias.com\/index.php\/wp-json\/wp\/v2\/media\/896"}],"wp:attachment":[{"href":"https:\/\/correntinoticias.com\/index.php\/wp-json\/wp\/v2\/media?parent=895"}],"wp:term":[{"taxonomy":"category","embeddable":true,"href":"https:\/\/correntinoticias.com\/index.php\/wp-json\/wp\/v2\/categories?post=895"},{"taxonomy":"post_tag","embeddable":true,"href":"https:\/\/correntinoticias.com\/index.php\/wp-json\/wp\/v2\/tags?post=895"}],"curies":[{"name":"wp","href":"https:\/\/api.w.org\/{rel}","templated":true}]}}