{"id":873,"date":"2025-02-14T10:55:24","date_gmt":"2025-02-14T10:55:24","guid":{"rendered":"https:\/\/correntinoticias.com\/?p=873"},"modified":"2025-02-14T10:55:24","modified_gmt":"2025-02-14T10:55:24","slug":"el-cumpleanos-de-morena-rial-en-la-carcel-el-especial-regalo-que-recibio","status":"publish","type":"post","link":"https:\/\/correntinoticias.com\/index.php\/2025\/02\/14\/el-cumpleanos-de-morena-rial-en-la-carcel-el-especial-regalo-que-recibio\/","title":{"rendered":"EL CUMPLEA\u00d1OS DE MORENA RIAL EN LA C\u00c1RCEL: EL ESPECIAL REGALO QUE RECIBI\u00d3"},"content":{"rendered":"\n<p>La hija de Jorge Rial recibi\u00f3 sus 26 a\u00f1os en prisi\u00f3n.\u00a0El festejo que ten\u00eda preparado antes de quedar detenida.<\/p>\n\n\n\n<p>Morena Rial&nbsp;cumpli\u00f3 26 a\u00f1os en un contexto bastante particular. Es que la medi\u00e1tica celebr\u00f3 su cumplea\u00f1os en prisi\u00f3n, luego de haber sido detenida el pasado mi\u00e9rcoles por presunto &#8220;robo con escruche&#8221;, la modalidad que utilizaron para intentar ingresar a una casa en Villa Adelina.<\/p>\n\n\n\n<p>En el d\u00eda de su natalicio,&nbsp;Morena no pudo festejarlo con sus seres queridos, sin embargo una de sus mejores amigas se acerc\u00f3 hasta la c\u00e1rcel en donde se encuentra detenida la influencer y le llev\u00f3 un obsequio.<\/p>\n\n\n\n<p>Fue el periodista Facundo Ventura, hijo de Luis, quien cont\u00f3 en su cuenta de Instagram que la medi\u00e1tica recibi\u00f3 la visita de su mejor amiga, quien&nbsp;le llev\u00f3 una foto de su hijo Amadeo,&nbsp;quien actualmente qued\u00f3 al cuidado de su abuelo, Jorge Rial.<\/p>\n\n\n\n<p>&#8220;Hoy More est\u00e1 cumpliendo 26 a\u00f1os. Su mejor amiga la fue a visitar y le llev\u00f3 de regalo una fotito de su hijo Amadeo.\u00a0Se vienen d\u00edas claves&#8221;,\u00a0cont\u00f3 Facundo en la publicaci\u00f3n que subi\u00f3 a sus redes sociales.<\/p>\n\n\n\n<p><strong>Otro de los que le mand\u00f3 se\u00f1ales de apoyo a More a trav\u00e9s de Instagram fue Alejandro Cipolla, su abogado: &#8220;Feliz cumple More Rial, siempre cerca tuyo&#8221;.<\/strong><\/p>\n\n\n\n<p>Horas antes, el hijo de Ventura tambi\u00e9n hab\u00eda contado detalles de c\u00f3mo pasaba sus d\u00edas en prisi\u00f3n Morena. Y los detalles dejaron helado a m\u00e1s de uno: &#8220;Luego de pasar otra noche durmiendo en el piso, sin comer, con fr\u00edo y dolores corporales, Morena Rial recibi\u00f3 la visita de una de sus amigas&#8221;.<\/p>\n\n\n\n<p>&#8220;Le llev\u00f3 comida, ropa, una manta y productos para su higiene personal. Si bien estaba muy triste, se qued\u00f3 m\u00e1s tranquila al saber que su hijo Amadeo estaba muy bien cuidado por Jorge (su padre) y Roc\u00edo (su hermana)&#8221;, detall\u00f3 el periodista.<\/p>\n\n\n\n<p>Tambi\u00e9n trascendi\u00f3 que la joven recibi\u00f3 la visita de un m\u00e9dico y va a volver a pedir que la asistan porque tiene un fuerte dolor en uno de sus hombros.<\/p>\n","protected":false},"excerpt":{"rendered":"<p>La hija de Jorge Rial recibi\u00f3 sus 26 a\u00f1os en prisi\u00f3n.\u00a0El festejo que ten\u00eda preparado [&hellip;]<\/p>\n","protected":false},"author":1,"featured_media":874,"comment_status":"open","ping_status":"open","sticky":false,"template":"","format":"standard","meta":{"footnotes":""},"categories":[1],"tags":[],"_links":{"self":[{"href":"https:\/\/correntinoticias.com\/index.php\/wp-json\/wp\/v2\/posts\/873"}],"collection":[{"href":"https:\/\/correntinoticias.com\/index.php\/wp-json\/wp\/v2\/posts"}],"about":[{"href":"https:\/\/correntinoticias.com\/index.php\/wp-json\/wp\/v2\/types\/post"}],"author":[{"embeddable":true,"href":"https:\/\/correntinoticias.com\/index.php\/wp-json\/wp\/v2\/users\/1"}],"replies":[{"embeddable":true,"href":"https:\/\/correntinoticias.com\/index.php\/wp-json\/wp\/v2\/comments?post=873"}],"version-history":[{"count":1,"href":"https:\/\/correntinoticias.com\/index.php\/wp-json\/wp\/v2\/posts\/873\/revisions"}],"predecessor-version":[{"id":875,"href":"https:\/\/correntinoticias.com\/index.php\/wp-json\/wp\/v2\/posts\/873\/revisions\/875"}],"wp:featuredmedia":[{"embeddable":true,"href":"https:\/\/correntinoticias.com\/index.php\/wp-json\/wp\/v2\/media\/874"}],"wp:attachment":[{"href":"https:\/\/correntinoticias.com\/index.php\/wp-json\/wp\/v2\/media?parent=873"}],"wp:term":[{"taxonomy":"category","embeddable":true,"href":"https:\/\/correntinoticias.com\/index.php\/wp-json\/wp\/v2\/categories?post=873"},{"taxonomy":"post_tag","embeddable":true,"href":"https:\/\/correntinoticias.com\/index.php\/wp-json\/wp\/v2\/tags?post=873"}],"curies":[{"name":"wp","href":"https:\/\/api.w.org\/{rel}","templated":true}]}}