{"id":870,"date":"2025-02-14T10:54:34","date_gmt":"2025-02-14T10:54:34","guid":{"rendered":"https:\/\/correntinoticias.com\/?p=870"},"modified":"2025-02-14T10:54:34","modified_gmt":"2025-02-14T10:54:34","slug":"ejecutan-tramos-finales-del-ensanche-de-la-avenida-garay","status":"publish","type":"post","link":"https:\/\/correntinoticias.com\/index.php\/2025\/02\/14\/ejecutan-tramos-finales-del-ensanche-de-la-avenida-garay\/","title":{"rendered":"EJECUTAN TRAMOS FINALES DEL ENSANCHE DE LA AVENIDA GARAY"},"content":{"rendered":"\n<p>Con m\u00e1s de 85% de avance de obra el Gobierno Provincial ejecuta el ensanche\u00a0 de calzada de la avenida\u00a0 Juan Jos\u00e9 Garay entre las avenidas\u00a0 Juan Jos\u00e9 Vidal\u00a0 y Gutnisky en el extremo sur de la ciudad capital.\u00a0<\/p>\n\n\n\n<p>Son diez donde adem\u00e1s realiz\u00f3 un desag\u00fce pluvial&nbsp; entre la calle Diego de Irala y la avenida Vidal a efectos de paliar&nbsp; anegamientos en esta zona que atraviesa los barrios Juan de Vera y Villa Patono.<\/p>\n\n\n\n<p>Estos trabajos, dispuestos por el gobernador Gustavo Vald\u00e9s, son llevados adelante por el Ministerio de Obras y Servicios P\u00fablicos, a trav\u00e9s de cuadrillas especializadas de Vialidad Urbana (DPV).<\/p>\n\n\n\n<p>La avenida Garay, tras estas mejoras que incluyen tareas de bacheo en todo el trayecto,&nbsp;<strong>tendr\u00e1 un ancho aproximado de 10,50 metros<\/strong>. Los trabajos comenzaron en la intersecci\u00f3n de Garay y Vidal desde donde se avanza hacia Gutnisky, estando actualmente su ejecuci\u00f3n a la altura del cruce con calle Chascom\u00fas.<\/p>\n\n\n\n<p>Entre lo realizado se cuenta el acondicionamiento del suelo, la apertura de cajas, la aplicaci\u00f3n &nbsp;una capa de arena cemento (rdc) de un espesor de 15 cent\u00edmetros y el colado de hormig\u00f3n&nbsp; en un grosor de 20 cent\u00edmetros.<\/p>\n\n\n\n<p>La obra tiene una extensi\u00f3n exacta de 1.070 metros lineales, y es encarada por &nbsp;se ejecuta por administraci\u00f3n con recursos, personal y equipamiento propios de la Provincia, acci\u00f3n que redunda en un considerable abaratamiento de los trabajos.<\/p>\n\n\n\n<h2 class=\"wp-block-heading\"><strong>Desag\u00fces<\/strong><\/h2>\n\n\n\n<p>En tanto, en Garay&nbsp; tambi\u00e9n se construy\u00f3 un desag\u00fce pluvial&nbsp; entre la calle Diego de Irala y la avenida Juan Ram\u00f3n Vidal que consiste en un ducto de alrededor de 400 metros con tendido de &nbsp;tubos de hormig\u00f3n armado de 800mm y 1.000mm que se vincul\u00f3 a un desag\u00fce &nbsp;existente que descarga&nbsp; en el r\u00edo Paran\u00e1.&nbsp;<strong>Estos trabajos posibilitaron la instalaci\u00f3n de sumideros en todo el tramo intervenido&nbsp; para asegurar un apropiado escurrimiento de las aguas.<\/strong><\/p>\n\n\n\n<p>Asimismo para la ejecuci\u00f3n de este entubado&nbsp; y a fin de garantizar el servicio de cloacas existente, en todo el tramo de este nuevo desag\u00fce se realizaron c\u00e1maras de enlace por donde atraviesan las ca\u00f1er\u00edas de descargas cloacales domiciliarias con lo cual se mantuvo intacto ese sistema e independiente&nbsp; del sistema de drenaje pluvial construido.<\/p>\n","protected":false},"excerpt":{"rendered":"<p>Con m\u00e1s de 85% de avance de obra el Gobierno Provincial ejecuta el ensanche\u00a0 de [&hellip;]<\/p>\n","protected":false},"author":1,"featured_media":871,"comment_status":"open","ping_status":"open","sticky":false,"template":"","format":"standard","meta":{"footnotes":""},"categories":[1],"tags":[],"_links":{"self":[{"href":"https:\/\/correntinoticias.com\/index.php\/wp-json\/wp\/v2\/posts\/870"}],"collection":[{"href":"https:\/\/correntinoticias.com\/index.php\/wp-json\/wp\/v2\/posts"}],"about":[{"href":"https:\/\/correntinoticias.com\/index.php\/wp-json\/wp\/v2\/types\/post"}],"author":[{"embeddable":true,"href":"https:\/\/correntinoticias.com\/index.php\/wp-json\/wp\/v2\/users\/1"}],"replies":[{"embeddable":true,"href":"https:\/\/correntinoticias.com\/index.php\/wp-json\/wp\/v2\/comments?post=870"}],"version-history":[{"count":1,"href":"https:\/\/correntinoticias.com\/index.php\/wp-json\/wp\/v2\/posts\/870\/revisions"}],"predecessor-version":[{"id":872,"href":"https:\/\/correntinoticias.com\/index.php\/wp-json\/wp\/v2\/posts\/870\/revisions\/872"}],"wp:featuredmedia":[{"embeddable":true,"href":"https:\/\/correntinoticias.com\/index.php\/wp-json\/wp\/v2\/media\/871"}],"wp:attachment":[{"href":"https:\/\/correntinoticias.com\/index.php\/wp-json\/wp\/v2\/media?parent=870"}],"wp:term":[{"taxonomy":"category","embeddable":true,"href":"https:\/\/correntinoticias.com\/index.php\/wp-json\/wp\/v2\/categories?post=870"},{"taxonomy":"post_tag","embeddable":true,"href":"https:\/\/correntinoticias.com\/index.php\/wp-json\/wp\/v2\/tags?post=870"}],"curies":[{"name":"wp","href":"https:\/\/api.w.org\/{rel}","templated":true}]}}