{"id":843,"date":"2024-12-03T10:41:36","date_gmt":"2024-12-03T10:41:36","guid":{"rendered":"https:\/\/correntinoticias.com\/?p=843"},"modified":"2024-12-03T10:41:36","modified_gmt":"2024-12-03T10:41:36","slug":"presentan-la-canasta-navidena-de-la-provincia-y-vuelve-el-cordero","status":"publish","type":"post","link":"https:\/\/correntinoticias.com\/index.php\/2024\/12\/03\/presentan-la-canasta-navidena-de-la-provincia-y-vuelve-el-cordero\/","title":{"rendered":"PRESENTAN LA CANASTA NAVIDE\u00d1A DE LA PROVINCIA Y VUELVE EL CORDERO"},"content":{"rendered":"\n<p>El Gobierno de Corrientes presentar\u00e1 hoy la tradicional promoci\u00f3n oficial Canasta Navide\u00f1a 2024. El anuncio estar\u00e1 a cargo del ministro de Hacienda y Finanzas, Marcelo Rivas Piasentini, en el Sal\u00f3n de Acuerdos General Jos\u00e9 de San Mart\u00edn del Ministerio de Hacienda.<\/p>\n\n\n\n<p>A partir de las 10, las autoridades exhibir\u00e1n a la prensa y la sociedad en su conjunto los productos que componen la canasta. As\u00ed tambi\u00e9n dar\u00e1n precisiones sobre su precio y sus formas de financiaci\u00f3n.<\/p>\n\n\n\n<p>El a\u00f1o pasado, el combo, con siete productos, lleg\u00f3 a costar $4.990. Los clientes del Banco de Corrientes ten\u00edan descuentos y devoluciones especiales. Tra\u00eda sidra, anan\u00e1 fizz, gaseosa, turr\u00f3n de man\u00ed, garrapi\u00f1ada, pan dulce y bud\u00edn.<\/p>\n\n\n\n<p>Los comercios que suelen adherirse son: : Impulso SA; Parada Canga SA; Supermax SA; Depot SRL; Previsora del Paran\u00e1 SRL; Tat\u00fa SA; Express SRL.<\/p>\n\n\n\n<p>Por otra parte, el gobernador, Gustavo Vald\u00e9s, presentar\u00e1 a las 19 en el Museo de Ciencias Naturales &#8220;Amado Bonpland&#8221;, ubicado por avenida Costanera, el lanzamiento del &#8220;Cordero Correntino&#8221;. Vale recordar que el a\u00f1o pasado, la carne no form\u00f3 parte de las promociones para la mesa navide\u00f1a.<\/p>\n\n\n\n<p>El cordero correntino se produce en la provincia, desde la cr\u00eda, la fanea y la comercializaci\u00f3n. Ofrecer la venta al p\u00fablico, se da a partir del acercamiento entre las partes productoras y el Gobierno de la Provincia, a trav\u00e9s del Ministerio de Producci\u00f3n.<\/p>\n\n\n\n<p><\/p>\n","protected":false},"excerpt":{"rendered":"<p>El Gobierno de Corrientes presentar\u00e1 hoy la tradicional promoci\u00f3n oficial Canasta Navide\u00f1a 2024. El anuncio [&hellip;]<\/p>\n","protected":false},"author":1,"featured_media":844,"comment_status":"open","ping_status":"open","sticky":false,"template":"","format":"standard","meta":{"footnotes":""},"categories":[1],"tags":[],"_links":{"self":[{"href":"https:\/\/correntinoticias.com\/index.php\/wp-json\/wp\/v2\/posts\/843"}],"collection":[{"href":"https:\/\/correntinoticias.com\/index.php\/wp-json\/wp\/v2\/posts"}],"about":[{"href":"https:\/\/correntinoticias.com\/index.php\/wp-json\/wp\/v2\/types\/post"}],"author":[{"embeddable":true,"href":"https:\/\/correntinoticias.com\/index.php\/wp-json\/wp\/v2\/users\/1"}],"replies":[{"embeddable":true,"href":"https:\/\/correntinoticias.com\/index.php\/wp-json\/wp\/v2\/comments?post=843"}],"version-history":[{"count":1,"href":"https:\/\/correntinoticias.com\/index.php\/wp-json\/wp\/v2\/posts\/843\/revisions"}],"predecessor-version":[{"id":845,"href":"https:\/\/correntinoticias.com\/index.php\/wp-json\/wp\/v2\/posts\/843\/revisions\/845"}],"wp:featuredmedia":[{"embeddable":true,"href":"https:\/\/correntinoticias.com\/index.php\/wp-json\/wp\/v2\/media\/844"}],"wp:attachment":[{"href":"https:\/\/correntinoticias.com\/index.php\/wp-json\/wp\/v2\/media?parent=843"}],"wp:term":[{"taxonomy":"category","embeddable":true,"href":"https:\/\/correntinoticias.com\/index.php\/wp-json\/wp\/v2\/categories?post=843"},{"taxonomy":"post_tag","embeddable":true,"href":"https:\/\/correntinoticias.com\/index.php\/wp-json\/wp\/v2\/tags?post=843"}],"curies":[{"name":"wp","href":"https:\/\/api.w.org\/{rel}","templated":true}]}}