{"id":840,"date":"2024-12-03T10:39:31","date_gmt":"2024-12-03T10:39:31","guid":{"rendered":"https:\/\/correntinoticias.com\/?p=840"},"modified":"2024-12-03T10:39:32","modified_gmt":"2024-12-03T10:39:32","slug":"corrientes-consolida-el-concepto-de-carnaval-barrial-sustentable","status":"publish","type":"post","link":"https:\/\/correntinoticias.com\/index.php\/2024\/12\/03\/corrientes-consolida-el-concepto-de-carnaval-barrial-sustentable\/","title":{"rendered":"CORRIENTES CONSOLIDA EL CONCEPTO DE CARNAVAL BARRIAL SUSTENTABLE"},"content":{"rendered":"\n<p>Se viene la edici\u00f3n 2025 del espect\u00e1culo itinerante y la Municipalidad de Corrientes realiz\u00f3 un importante taller de confecci\u00f3n de plumas artificiales. &#8220;La iniciativa busca jerarquizar la fiesta, e impulsar la utilizaci\u00f3n de materiales reciclables&#8221;, expresaron desde la organizaci\u00f3n.<\/p>\n\n\n\n<p>Nunca antes, el Carnaval correntino tuvo tantos talleres y actividades de capacitaci\u00f3n como los que ofreci\u00f3 este a\u00f1o la Municipalidad de Corrientes, que el s\u00e1bado pasado realiz\u00f3 otro encuentro, esta vez para aprender a elaborar plumas artificiales en la Sociedad Italiana. &#8220;Seguimos trabajando en esta l\u00ednea de tener un carnaval sustentable&#8221;, expres\u00f3 a \u00e9poca Jos\u00e9 Sand, secretario de Cultura y Educaci\u00f3n.<\/p>\n\n\n\n<p>Durante todo el 2024, dicha Secretar\u00eda municipal, a cargo de la organizaci\u00f3n de los Carnavales Barriales, ofreci\u00f3 distintas capacitaciones en temas como dise\u00f1o, confecci\u00f3n, percusi\u00f3n, vestuarios (estructuras y casquetes), materiales reciclables, entre otros. Tambi\u00e9n, propuso actividades variadas de difusi\u00f3n y promoci\u00f3n de carnaval, pero tambi\u00e9n espect\u00e1culos gratuitos en todos los barrios de la ciudad; adem\u00e1s de capacitaci\u00f3n y concursos de samba (a cargo de cuatro referentes de R\u00edo de Janeiro), shows de bater\u00edas y presentaci\u00f3n de los temas de cada una de las instituciones, entre otros.<\/p>\n\n\n\n<p>A la par de los preparativos para la pr\u00f3xima edici\u00f3n, este fin de semana, m\u00e1s de 50 personas participaron en un taller de plumas artificiales. La actividad busca promover un carnaval sustentable y accesible, reutilizando materiales reciclados como botellas pl\u00e1sticas para confeccionar elementos de alta calidad visual y bajo costo.<\/p>\n\n\n\n<p>Sand subray\u00f3 la importancia de estas iniciativas: &#8220;Este s\u00e1bado realizamos un taller que tiene que ver con plumas artificiales. Todos los materiales que se est\u00e1n utilizando en esta t\u00e9cnica son reciclados: de bajo costo, duraderos, pero sobre todas las cosas, de primer nivel&#8221;. Esto aporta a mejorar el espect\u00e1culo del carnaval de la ciudad y consolida el concepto de la fiesta popular, familiar e inclusiva que atrae a vecinos y turistas.<\/p>\n\n\n\n<p>Adem\u00e1s, los Carnavales Barriales no solo son una expresi\u00f3n art\u00edstica, sino que tambi\u00e9n es el espect\u00e1culo carnestolendo con m\u00e1s instituciones en todo el pa\u00eds. Sumado a ello, la celebraci\u00f3n es un espacio de convivencia y disfrute, que une a vecinos y visitantes; por lo tanto, Sand enfatiz\u00f3 que estas acciones no solo benefician a los comparseros capitalinos: &#8220;Cada vez son m\u00e1s los participantes que se suman a esta idea y hasta nos acompa\u00f1an personas de localidades vecinas, compartiendo estas t\u00e9cnicas con nosotros&#8221;.<\/p>\n\n\n\n<p>Asimismo, adelant\u00f3 c\u00f3mo se prepara esta pr\u00f3xima edici\u00f3n y destac\u00f3: &#8220;Venimos trabajando con varias acciones para capacitar a comparseros, directores y talleristas, brind\u00e1ndoles herramientas que jerarquicen nuestro carnaval. Este taller es una muestra de c\u00f3mo podemos transformar desechos en creaciones incre\u00edbles, como estas plumas que imitan las naturales, pero son 100% recicladas&#8221;. Desde la log\u00edstica hasta los detalles est\u00e9ticos, como los trajes y carros de sonido, todo est\u00e1 siendo cuidadosamente planificado para la edici\u00f3n 2025. Al respecto, Sand agreg\u00f3: &#8220;El acompa\u00f1amiento de la comunidad es fundamental. Cada vez son m\u00e1s los que se unen a esta iniciativa de un carnaval amigable con el medio ambiente, con un brillo especial que refleja el esfuerzo de todos&#8221;.<\/p>\n","protected":false},"excerpt":{"rendered":"<p>Se viene la edici\u00f3n 2025 del espect\u00e1culo itinerante y la Municipalidad de Corrientes realiz\u00f3 un [&hellip;]<\/p>\n","protected":false},"author":1,"featured_media":841,"comment_status":"open","ping_status":"open","sticky":false,"template":"","format":"standard","meta":{"footnotes":""},"categories":[1],"tags":[],"_links":{"self":[{"href":"https:\/\/correntinoticias.com\/index.php\/wp-json\/wp\/v2\/posts\/840"}],"collection":[{"href":"https:\/\/correntinoticias.com\/index.php\/wp-json\/wp\/v2\/posts"}],"about":[{"href":"https:\/\/correntinoticias.com\/index.php\/wp-json\/wp\/v2\/types\/post"}],"author":[{"embeddable":true,"href":"https:\/\/correntinoticias.com\/index.php\/wp-json\/wp\/v2\/users\/1"}],"replies":[{"embeddable":true,"href":"https:\/\/correntinoticias.com\/index.php\/wp-json\/wp\/v2\/comments?post=840"}],"version-history":[{"count":1,"href":"https:\/\/correntinoticias.com\/index.php\/wp-json\/wp\/v2\/posts\/840\/revisions"}],"predecessor-version":[{"id":842,"href":"https:\/\/correntinoticias.com\/index.php\/wp-json\/wp\/v2\/posts\/840\/revisions\/842"}],"wp:featuredmedia":[{"embeddable":true,"href":"https:\/\/correntinoticias.com\/index.php\/wp-json\/wp\/v2\/media\/841"}],"wp:attachment":[{"href":"https:\/\/correntinoticias.com\/index.php\/wp-json\/wp\/v2\/media?parent=840"}],"wp:term":[{"taxonomy":"category","embeddable":true,"href":"https:\/\/correntinoticias.com\/index.php\/wp-json\/wp\/v2\/categories?post=840"},{"taxonomy":"post_tag","embeddable":true,"href":"https:\/\/correntinoticias.com\/index.php\/wp-json\/wp\/v2\/tags?post=840"}],"curies":[{"name":"wp","href":"https:\/\/api.w.org\/{rel}","templated":true}]}}