{"id":837,"date":"2024-12-03T10:35:09","date_gmt":"2024-12-03T10:35:09","guid":{"rendered":"https:\/\/correntinoticias.com\/?p=837"},"modified":"2024-12-03T10:35:09","modified_gmt":"2024-12-03T10:35:09","slug":"cambiamos-el-paradigma-volvimos-al-deletreo-al-dictado-y-lectura","status":"publish","type":"post","link":"https:\/\/correntinoticias.com\/index.php\/2024\/12\/03\/cambiamos-el-paradigma-volvimos-al-deletreo-al-dictado-y-lectura\/","title":{"rendered":"&#8220;CAMBIAMOS EL PARADIGMA: VOLVIMOS AL DELETREO, AL DICTADO Y LECTURA&#8221;"},"content":{"rendered":"\n<p>La ministra de Educaci\u00f3n de Corrientes, Pr\u00e1xedes L\u00f3pez,\u00a0realiz\u00f3 un balance del 2024, donde se refiri\u00f3 a los avances en pol\u00edticas educativas, el fortalecimiento de la alfabetizaci\u00f3n y la integraci\u00f3n de alumnos con discapacidades en las escuelas. Adem\u00e1s, descart\u00f3 la versi\u00f3n que sosten\u00eda que en 2025 ser\u00eda candidata a diputada.\u00a0<\/p>\n\n\n\n<p>El ciclo lectivo 2024 en Corrientes finalizar\u00e1 oficialmente el 13 de diciembre, aunque las actividades escolares se extender\u00e1n hasta el 23 para los alumnos que necesiten recuperar o cerrar materias. \u201cSomos estrictos con el cumplimiento del calendario escolar porque debemos garantizar los 190 d\u00edas de clase que exige la ley\u201d, destac\u00f3 la ministra de Educaci\u00f3n, Pr\u00e1xedes L\u00f3pez, al anunciar el cierre del a\u00f1o escolar.<\/p>\n\n\n\n<p>Al hacer un balance del a\u00f1o, L\u00f3pez calific\u00f3 el 2024 como un per\u00edodo muy positivo, especialmente por los avances en alfabetizaci\u00f3n.\u00a0<strong>\u201cCambiamos el paradigma: volvimos al deletreo, al dictado y a la lectura constante.<\/strong>\u00a0Estos m\u00e9todos tradicionales se sumaron a un enfoque integral que incluy\u00f3 a las familias y a las universidades. Es un trabajo conjunto que ya muestra mejoras en los indicadores de comprensi\u00f3n lectora\u201d, afirm\u00f3.<\/p>\n\n\n\n<p>El Congreso de Alfabetizaci\u00f3n Nacional e Internacional, realizado este a\u00f1o, fue uno de los puntos destacados por la funcionaria. \u201cEl evento permiti\u00f3 compartir experiencias y consolidar nuestras pol\u00edticas educativas. Adem\u00e1s, Corrientes present\u00f3 un plan integral que est\u00e1 siendo observado como modelo en la regi\u00f3n\u201d, se\u00f1al\u00f3. Seg\u00fan la ministra,&nbsp;<strong>estos esfuerzos est\u00e1n alineados con las metas nacionales,<\/strong>&nbsp;aunque admiti\u00f3 que a\u00fan queda mucho por hacer para que otras provincias adopten un compromiso similar.<\/p>\n\n\n\n<p>Respecto al aprendizaje inclusivo, L\u00f3pez se\u00f1al\u00f3 la importancia de integrar a los alumnos con trastornos del espectro autista (TEA) y otras discapacidades. \u201cActualmente, tenemos m\u00e1s de&nbsp;<strong>13.000 estudiantes con alg\u00fan tipo de discapacidad registrados en la plataforma educativa.<\/strong>&nbsp;Nuestro enfoque es formar docentes multidisciplinarios capaces de atender las distintas necesidades dentro del aula\u201d, explic\u00f3. Adem\u00e1s, subray\u00f3 la importancia de concentrar recursos en escuelas espec\u00edficas para garantizar una integraci\u00f3n efectiva.<\/p>\n\n\n\n<p>Tambi\u00e9n destac\u00f3 el uso de evaluaciones peri\u00f3dicas para medir los avances en los aprendizajes y se\u00f1al\u00f3 que Corrientes eval\u00faa al 100% de sus estudiantes, a diferencia de otras provincias. \u201cEsto nos permite tener datos precisos para trabajar en la mejora de los aprendizajes, porque nuestro objetivo no es rankear escuelas, sino garantizar la calidad educativa para todos\u201d, concluy\u00f3.<\/p>\n\n\n\n<h2 class=\"wp-block-heading\"><strong>Nuevas Escuelas<\/strong><\/h2>\n\n\n\n<p>En cuanto a infraestructura, la ministra destac\u00f3 que ya recibieron dos auditor\u00edas de Naci\u00f3n, las cuales fueron aprobadas. De este modo,&nbsp;<strong>para 2025 se retomar\u00e1n las obras que empezaron con el Gobierno Nacional y las que se hizo cargo la Provincia.<\/strong><\/p>\n\n\n\n<p>Sobre las cuatro escuelas t\u00e9cnicas que hab\u00eda firmado Naci\u00f3n \u201cno salieron\u201d, pero en 2025 \u201cpodr\u00edamos estar en condiciones de hacerlas\u201d. Este trabajo ser\u00e1 en conjunto con el Gobierno de Corrientes. Sobre la Escuela Portuaria dijo:\u00a0<strong>\u201cEl gobernador dio la orden que si no se hac\u00eda por Naci\u00f3n, la \u00edbamos a terminar nosotros\u201d, a\u00f1adi\u00f3.<\/strong><\/p>\n\n\n\n<p>De cara al pr\u00f3ximo ciclo lectivo, las clases comenzar\u00e1n el 24 de febrero, mientras que docentes y directivos retomar\u00e1n actividades el 10 del mismo mes. La ministra destac\u00f3 la importancia de seguir mejorando la educaci\u00f3n en un contexto nacional desafiante. \u201cNuestro compromiso es continuar con esta transformaci\u00f3n educativa. La educaci\u00f3n en Corrientes est\u00e1 avanzando y necesitamos sostener este proceso, incluso en un a\u00f1o pol\u00edtico\u201d, concluy\u00f3.<\/p>\n\n\n\n<p>Adem\u00e1s, neg\u00f3 que el 2025 pueda ser parte de una lista como candidata a diputada por Vamos Corrientes:&nbsp;<strong>\u201cYo vine con el gobernador y me voy con \u00e9l\u201d,<\/strong>&nbsp;cerr\u00f3 la ministra.<\/p>\n\n\n\n<p><audio src=\"https:\/\/www.radiosudamericana.com\/notix\/multimedia\/audios\/2024-12-02\/531632.mp3\"><\/audio><\/p>\n","protected":false},"excerpt":{"rendered":"<p>La ministra de Educaci\u00f3n de Corrientes, Pr\u00e1xedes L\u00f3pez,\u00a0realiz\u00f3 un balance del 2024, donde se refiri\u00f3 [&hellip;]<\/p>\n","protected":false},"author":1,"featured_media":838,"comment_status":"open","ping_status":"open","sticky":false,"template":"","format":"standard","meta":{"footnotes":""},"categories":[1],"tags":[],"_links":{"self":[{"href":"https:\/\/correntinoticias.com\/index.php\/wp-json\/wp\/v2\/posts\/837"}],"collection":[{"href":"https:\/\/correntinoticias.com\/index.php\/wp-json\/wp\/v2\/posts"}],"about":[{"href":"https:\/\/correntinoticias.com\/index.php\/wp-json\/wp\/v2\/types\/post"}],"author":[{"embeddable":true,"href":"https:\/\/correntinoticias.com\/index.php\/wp-json\/wp\/v2\/users\/1"}],"replies":[{"embeddable":true,"href":"https:\/\/correntinoticias.com\/index.php\/wp-json\/wp\/v2\/comments?post=837"}],"version-history":[{"count":1,"href":"https:\/\/correntinoticias.com\/index.php\/wp-json\/wp\/v2\/posts\/837\/revisions"}],"predecessor-version":[{"id":839,"href":"https:\/\/correntinoticias.com\/index.php\/wp-json\/wp\/v2\/posts\/837\/revisions\/839"}],"wp:featuredmedia":[{"embeddable":true,"href":"https:\/\/correntinoticias.com\/index.php\/wp-json\/wp\/v2\/media\/838"}],"wp:attachment":[{"href":"https:\/\/correntinoticias.com\/index.php\/wp-json\/wp\/v2\/media?parent=837"}],"wp:term":[{"taxonomy":"category","embeddable":true,"href":"https:\/\/correntinoticias.com\/index.php\/wp-json\/wp\/v2\/categories?post=837"},{"taxonomy":"post_tag","embeddable":true,"href":"https:\/\/correntinoticias.com\/index.php\/wp-json\/wp\/v2\/tags?post=837"}],"curies":[{"name":"wp","href":"https:\/\/api.w.org\/{rel}","templated":true}]}}