{"id":834,"date":"2024-12-03T10:32:06","date_gmt":"2024-12-03T10:32:06","guid":{"rendered":"https:\/\/correntinoticias.com\/?p=834"},"modified":"2024-12-03T10:32:06","modified_gmt":"2024-12-03T10:32:06","slug":"educacion-superior-abrieron-las-preinscripciones-para-las-carreras","status":"publish","type":"post","link":"https:\/\/correntinoticias.com\/index.php\/2024\/12\/03\/educacion-superior-abrieron-las-preinscripciones-para-las-carreras\/","title":{"rendered":"EDUCACI\u00d3N SUPERIOR: ABRIERON LAS PREINSCRIPCIONES PARA LAS CARRERAS"},"content":{"rendered":"\n<p>Desde el 2 de diciembre hasta el 31 de diciembre, el Ministerio de Educaci\u00f3n de Corrientes habilit\u00f3 la plataforma SIMA para que los aspirantes a carreras de Nivel Superior puedan gestionar su inscripci\u00f3n de forma online.<\/p>\n\n\n\n<p>A partir de este lunes&nbsp;2 de diciembre, y hasta el 31 del mismo mes, estar\u00e1n abiertas las preinscripciones para los&nbsp;<strong>ingresantes 2025 a las carreras de Nivel Superior<\/strong>&nbsp;en los institutos educativos de la provincia de Corrientes. Este proceso podr\u00e1 realizarse a trav\u00e9s de la plataforma oficial del Ministerio de Educaci\u00f3n, habilitada en el sitio&nbsp;<a href=\"https:\/\/simaeducativa.mec.gob.ar\/ingresantes\/\">simaeducativa.mec.gob.ar\/ingresantes.<\/a><\/p>\n\n\n\n<p>Los interesados deber\u00e1n completar sus datos personales, seleccionar la carrera de inter\u00e9s y adjuntar la documentaci\u00f3n requerida para formalizar el tr\u00e1mite.&nbsp;<\/p>\n","protected":false},"excerpt":{"rendered":"<p>Desde el 2 de diciembre hasta el 31 de diciembre, el Ministerio de Educaci\u00f3n de [&hellip;]<\/p>\n","protected":false},"author":1,"featured_media":835,"comment_status":"open","ping_status":"open","sticky":false,"template":"","format":"standard","meta":{"footnotes":""},"categories":[1],"tags":[],"_links":{"self":[{"href":"https:\/\/correntinoticias.com\/index.php\/wp-json\/wp\/v2\/posts\/834"}],"collection":[{"href":"https:\/\/correntinoticias.com\/index.php\/wp-json\/wp\/v2\/posts"}],"about":[{"href":"https:\/\/correntinoticias.com\/index.php\/wp-json\/wp\/v2\/types\/post"}],"author":[{"embeddable":true,"href":"https:\/\/correntinoticias.com\/index.php\/wp-json\/wp\/v2\/users\/1"}],"replies":[{"embeddable":true,"href":"https:\/\/correntinoticias.com\/index.php\/wp-json\/wp\/v2\/comments?post=834"}],"version-history":[{"count":1,"href":"https:\/\/correntinoticias.com\/index.php\/wp-json\/wp\/v2\/posts\/834\/revisions"}],"predecessor-version":[{"id":836,"href":"https:\/\/correntinoticias.com\/index.php\/wp-json\/wp\/v2\/posts\/834\/revisions\/836"}],"wp:featuredmedia":[{"embeddable":true,"href":"https:\/\/correntinoticias.com\/index.php\/wp-json\/wp\/v2\/media\/835"}],"wp:attachment":[{"href":"https:\/\/correntinoticias.com\/index.php\/wp-json\/wp\/v2\/media?parent=834"}],"wp:term":[{"taxonomy":"category","embeddable":true,"href":"https:\/\/correntinoticias.com\/index.php\/wp-json\/wp\/v2\/categories?post=834"},{"taxonomy":"post_tag","embeddable":true,"href":"https:\/\/correntinoticias.com\/index.php\/wp-json\/wp\/v2\/tags?post=834"}],"curies":[{"name":"wp","href":"https:\/\/api.w.org\/{rel}","templated":true}]}}