{"id":826,"date":"2024-11-19T20:13:11","date_gmt":"2024-11-19T20:13:11","guid":{"rendered":"https:\/\/correntinoticias.com\/?p=826"},"modified":"2024-11-22T20:14:02","modified_gmt":"2024-11-22T20:14:02","slug":"fin-de-semana-largo-por-el-dia-de-la-soberania-viajaron-14-millones-de-turistas","status":"publish","type":"post","link":"https:\/\/correntinoticias.com\/index.php\/2024\/11\/19\/fin-de-semana-largo-por-el-dia-de-la-soberania-viajaron-14-millones-de-turistas\/","title":{"rendered":"FIN DE SEMANA LARGO POR EL D\u00cdA DE LA SOBERAN\u00cdA: VIAJARON 1,4 MILLONES DE TURISTAS"},"content":{"rendered":"\n<p>Los turistas que se movilizaron por el feriado por el D\u00eda de la Soberan\u00eda Nacional, que en 2023 coincidi\u00f3 con el balotaje presidencial, gastaron $196.233 millones.<\/p>\n\n\n\n<p>El fin de semana largo por el D\u00eda de la Soberan\u00eda Nacional cont\u00f3 con la movilizaci\u00f3n de 1,4 millones de turistas por la Argentina, que gastaron&nbsp;$196.233 millones&nbsp;en las ciudades que forman parte del circuito tur\u00edstico nacional, de acuerdo con los datos difundidos por la&nbsp;Confederaci\u00f3n Argentina de la Mediana Empresa (CAME)<\/p>\n\n\n\n<p>&#8220;La cantidad de personas que viaj\u00f3 este fin de semana&nbsp;fue 2,3% menor a la del mismo fin de semana de 2022&#8221;, indic\u00f3 CAME, que se\u00f1al\u00f3, adem\u00e1s, que los viajes fueron m\u00e1s cortos que en el pasado fin de semana largo de octubre.<\/p>\n\n\n\n<p>[Este es el pr\u00f3ximo feriado que se asoma como sin\u00f3nimo de descanso y festejos.&nbsp;]<br>Informate m\u00e1s<\/p>\n\n\n\n<p>Feriados: el d\u00eda no laborable nacional que beneficiar\u00e1 a muchos trabajadores<\/p>\n\n\n\n<p>Se tom\u00f3 en comparaci\u00f3n el mismo feriado del 2022, debido a que en 2023, el fin de semana largo por el D\u00eda de la Soberan\u00eda Nacional coincidi\u00f3 con el balotaje presidencial.<\/p>\n\n\n\n<p>En lo que refiere al&nbsp;impacto econ\u00f3mico proyectado,&nbsp;el mayor volumen del gasto se dio en Buenos Aires, con&nbsp;$38.376 millones de pesos&nbsp;(22,7%&nbsp;del total); y le siguen&nbsp;Litoral (18,1%)&nbsp;y&nbsp;Patagonia (14,6%), de acuerdo con la Subsecretar\u00eda de Turismo de la Naci\u00f3n.<\/p>\n\n\n\n<h2 class=\"wp-block-heading\"><strong>Los destinos tur\u00edsticos m\u00e1s elegidos en el fin de semana largo del D\u00eda de la Soberan\u00eda Nacional<\/strong><\/h2>\n\n\n\n<p>Los datos difundidos por la Subsecretar\u00eda de Turismo de la Naci\u00f3n indicaron que la Costa Atl\u00e1ntica recibi\u00f3 gran cantidad de turistas:&nbsp;Mar de las Pampas, en Villa Gesell, alcanz\u00f3 un 80%, mientras que Mar del Plata cont\u00f3 con una ocupaci\u00f3n hotelera que super\u00f3 el 70%.<\/p>\n\n\n\n<p>En Buenos Aires, la localidad&nbsp;Chascom\u00fas&nbsp;cont\u00f3 con el&nbsp;65% de ocupaic\u00f3n, y el gasto promedio por persona fue de unos $104.700.<\/p>\n\n\n\n<p>Los registros de ocupaci\u00f3n superaron el&nbsp;85 por ciento en la Ciudad de Buenos Aires, que recibi\u00f3&nbsp;132 mil turistas, la cifra m\u00e1s alta en los \u00faltimos seis a\u00f1os, con un ingreso econ\u00f3mico cercano a los 25 mil millones de pesos.<\/p>\n\n\n\n<p>Muchos turistas eligieron a la provincia de&nbsp;C\u00f3rdoba&nbsp;como escapada, donde se registraron&nbsp;ocupaciones del 100% en Miramar y del 90% en Alta Gracia.<\/p>\n\n\n\n<p>En&nbsp;Cuyo, las localidades de&nbsp;San Rafael, Potrerillos y la ciudad de Mendoza alcanzaron un 80% de ocupaci\u00f3n, mientras que en&nbsp;Potrero de los Funes&nbsp;(San Luis) se lleg\u00f3 al&nbsp;96%. La localidad de&nbsp;Jachal, en San Juan, registr\u00f3 un&nbsp;98% de ocupaci\u00f3n.<\/p>\n\n\n\n<p>En el norte del pa\u00eds se registr\u00f3 gran movimiento, en especial en&nbsp;Taf\u00ed Viejo&nbsp;y&nbsp;San Javier&nbsp;(Tucum\u00e1n) con un&nbsp;90 y 96&nbsp;por ciento de ocupaci\u00f3n respectivamente. El departamento de&nbsp;Antofagasta&nbsp;(Catamarca) lleg\u00f3 al&nbsp;100% de reservas&nbsp;este fin de semana.<\/p>\n","protected":false},"excerpt":{"rendered":"<p>Los turistas que se movilizaron por el feriado por el D\u00eda de la Soberan\u00eda Nacional, [&hellip;]<\/p>\n","protected":false},"author":1,"featured_media":827,"comment_status":"open","ping_status":"open","sticky":false,"template":"","format":"standard","meta":{"footnotes":""},"categories":[1],"tags":[],"_links":{"self":[{"href":"https:\/\/correntinoticias.com\/index.php\/wp-json\/wp\/v2\/posts\/826"}],"collection":[{"href":"https:\/\/correntinoticias.com\/index.php\/wp-json\/wp\/v2\/posts"}],"about":[{"href":"https:\/\/correntinoticias.com\/index.php\/wp-json\/wp\/v2\/types\/post"}],"author":[{"embeddable":true,"href":"https:\/\/correntinoticias.com\/index.php\/wp-json\/wp\/v2\/users\/1"}],"replies":[{"embeddable":true,"href":"https:\/\/correntinoticias.com\/index.php\/wp-json\/wp\/v2\/comments?post=826"}],"version-history":[{"count":1,"href":"https:\/\/correntinoticias.com\/index.php\/wp-json\/wp\/v2\/posts\/826\/revisions"}],"predecessor-version":[{"id":828,"href":"https:\/\/correntinoticias.com\/index.php\/wp-json\/wp\/v2\/posts\/826\/revisions\/828"}],"wp:featuredmedia":[{"embeddable":true,"href":"https:\/\/correntinoticias.com\/index.php\/wp-json\/wp\/v2\/media\/827"}],"wp:attachment":[{"href":"https:\/\/correntinoticias.com\/index.php\/wp-json\/wp\/v2\/media?parent=826"}],"wp:term":[{"taxonomy":"category","embeddable":true,"href":"https:\/\/correntinoticias.com\/index.php\/wp-json\/wp\/v2\/categories?post=826"},{"taxonomy":"post_tag","embeddable":true,"href":"https:\/\/correntinoticias.com\/index.php\/wp-json\/wp\/v2\/tags?post=826"}],"curies":[{"name":"wp","href":"https:\/\/api.w.org\/{rel}","templated":true}]}}