{"id":823,"date":"2024-11-19T20:11:58","date_gmt":"2024-11-19T20:11:58","guid":{"rendered":"https:\/\/correntinoticias.com\/?p=823"},"modified":"2024-11-22T20:14:11","modified_gmt":"2024-11-22T20:14:11","slug":"de-paul-sobre-el-debut-de-spreen-no-es-el-mensaje-que-hay-que-dar","status":"publish","type":"post","link":"https:\/\/correntinoticias.com\/index.php\/2024\/11\/19\/de-paul-sobre-el-debut-de-spreen-no-es-el-mensaje-que-hay-que-dar\/","title":{"rendered":"DE PAUL, SOBRE EL DEBUT DE SPREEN: &#8220;NO ES EL MENSAJE QUE HAY QUE DAR&#8221;"},"content":{"rendered":"\n<p>El jugador de la Selecci\u00f3n Argentina se meti\u00f3 en la pol\u00e9mica que se gener\u00f3 con la participaci\u00f3n del streamer en el partido entre Deportivo Riestra y V\u00e9lez.<\/p>\n\n\n\n<p>Este lunes, se vivi\u00f3 un ins\u00f3lito momento en el f\u00fatbol argentino, que desat\u00f3 una gran pol\u00e9mica. Es que el streamer Iv\u00e1n Buhajeruk, m\u00e1s conocido como&nbsp;Spreen, debut\u00f3 con la camiseta de Deportivo Riestra en el duelo ante V\u00e9lez,&nbsp;correspondiente a la fecha 22 de la Liga Profesional.<\/p>\n\n\n\n<p>A ra\u00edz de esta situaci\u00f3n, se arm\u00f3 un gran debate, ya que no gust\u00f3 para nada la incorporaci\u00f3n del influencer en un partido profesional, a falta de cinco fechas para definir el campeonato local. En medio de esto, quien fue consultado al respecto, tras el entrenamiento de la Selecci\u00f3n Argentina, fue\u00a0Rodrigo De Paul.<\/p>\n\n\n\n<p>El futbolista no anduvo con vueltas y fue contundente a la hora de opinar sobre el streamer. &#8220;Creo que lo m\u00e1s importante es el mensaje que tiene que dar el que est\u00e1 de este lado, si bien el f\u00fatbol como el mundo va para el lado del marketing y las redes sociales,\u00a0creo que tiene que haber algunos l\u00edmites y eso no tiene que opacar el mensaje. Yo lo puedo contar porque me cost\u00f3 much\u00edsimo llegar a Primera, hay que esforzarse, caerse y levantarse, eso es lo que tenemos que decir todos&#8221;, comenz\u00f3 diciendo en la rueda de prensa previo al choque por Eliminatorias Sudamericanas.<\/p>\n\n\n\n<p>Y, lanz\u00f3 contundente: &#8220;No estoy de acuerdo con lo que sucedi\u00f3. Nosotros como Selecci\u00f3n tenemos que dar ese mensaje, todos los que estamos ac\u00e1 nos cost\u00f3 una barbaridad, hemos querido abandonar cuando \u00e9ramos chicos por las frustraciones, lo volvimos a intentar, nos volvimos a caer y lo volvimos a intentar. Eso es parte de la vida y el deporte que nosotros jugamos. Ese es el camino que creo que es el correcto.&nbsp;Espero de todo coraz\u00f3n que no se vuelva a repetir, hay lugares que tienen que ser sagrados&#8221;.<\/p>\n\n\n\n<p>&#8220;Lo que pas\u00f3 con Spreen no es el mensaje que hay que dar. No estoy de acuerdo con lo que pas\u00f3. Llegar ac\u00e1 nos cost\u00f3 mucho, nadie nos regal\u00f3 nada y ese es el camino\u201d, sostuvo.<\/p>\n","protected":false},"excerpt":{"rendered":"<p>El jugador de la Selecci\u00f3n Argentina se meti\u00f3 en la pol\u00e9mica que se gener\u00f3 con [&hellip;]<\/p>\n","protected":false},"author":1,"featured_media":824,"comment_status":"open","ping_status":"open","sticky":false,"template":"","format":"standard","meta":{"footnotes":""},"categories":[1],"tags":[],"_links":{"self":[{"href":"https:\/\/correntinoticias.com\/index.php\/wp-json\/wp\/v2\/posts\/823"}],"collection":[{"href":"https:\/\/correntinoticias.com\/index.php\/wp-json\/wp\/v2\/posts"}],"about":[{"href":"https:\/\/correntinoticias.com\/index.php\/wp-json\/wp\/v2\/types\/post"}],"author":[{"embeddable":true,"href":"https:\/\/correntinoticias.com\/index.php\/wp-json\/wp\/v2\/users\/1"}],"replies":[{"embeddable":true,"href":"https:\/\/correntinoticias.com\/index.php\/wp-json\/wp\/v2\/comments?post=823"}],"version-history":[{"count":1,"href":"https:\/\/correntinoticias.com\/index.php\/wp-json\/wp\/v2\/posts\/823\/revisions"}],"predecessor-version":[{"id":825,"href":"https:\/\/correntinoticias.com\/index.php\/wp-json\/wp\/v2\/posts\/823\/revisions\/825"}],"wp:featuredmedia":[{"embeddable":true,"href":"https:\/\/correntinoticias.com\/index.php\/wp-json\/wp\/v2\/media\/824"}],"wp:attachment":[{"href":"https:\/\/correntinoticias.com\/index.php\/wp-json\/wp\/v2\/media?parent=823"}],"wp:term":[{"taxonomy":"category","embeddable":true,"href":"https:\/\/correntinoticias.com\/index.php\/wp-json\/wp\/v2\/categories?post=823"},{"taxonomy":"post_tag","embeddable":true,"href":"https:\/\/correntinoticias.com\/index.php\/wp-json\/wp\/v2\/tags?post=823"}],"curies":[{"name":"wp","href":"https:\/\/api.w.org\/{rel}","templated":true}]}}