{"id":820,"date":"2024-11-19T20:08:18","date_gmt":"2024-11-19T20:08:18","guid":{"rendered":"https:\/\/correntinoticias.com\/?p=820"},"modified":"2024-11-22T20:14:18","modified_gmt":"2024-11-22T20:14:18","slug":"declaro-batista-el-vicepresidente-de-generacion-zoe-y-aliado-de-cositorto","status":"publish","type":"post","link":"https:\/\/correntinoticias.com\/index.php\/2024\/11\/19\/declaro-batista-el-vicepresidente-de-generacion-zoe-y-aliado-de-cositorto\/","title":{"rendered":"DECLAR\u00d3 BATISTA, EL VICEPRESIDENTE DE GENERACI\u00d3N ZOE Y ALIADO DE COSITORTO"},"content":{"rendered":"\n<p>El acusado compareci\u00f3 ante el Tribunal durante otra marat\u00f3nica jornada en el Tribunal de Juicio de Goya. Se espera que el juicio finalice en diciembre de este a\u00f1o<\/p>\n\n\n\n<p>Luego de que los jueces&nbsp;Ricardo Carbajal,&nbsp;Jorge Carbone&nbsp;y&nbsp;Julio Duarte&nbsp;del&nbsp;Tribunal de Juicio de Goya&nbsp;anunciaran que los debates por la causa que investiga a la presunta asociaci\u00f3n delictiva conocida como&nbsp;Generaci\u00f3n Zoe&nbsp;se realizar\u00edan en doble turno, el acusado de haber sido el vicepresidente de la organizaci\u00f3n,&nbsp;Maximiliano Javier Batista, declar\u00f3 ante la Justicia correntina. Adem\u00e1s del l\u00edder&nbsp;Leonardo Nelson Cositorto, en la investigaci\u00f3n hay otras cuatro personas imputadas.<\/p>\n\n\n\n<p>Como consecuencia de la cantidad de testigos y pruebas reunidos a lo largo de la investigaci\u00f3n, los magistrados decidieron que las audiencias fueran realizadas tanto a la ma\u00f1ana, como a la tarde, con el objetivo de garantizar que el juicio concluya a mediados de diciembre de este a\u00f1o. De esta manera, la jornada fue inaugurada por un testigo que fue aportado por los fiscales&nbsp;Rub\u00e9n Barry&nbsp;y&nbsp;Mar\u00eda Eugenia Ballar\u00e1&nbsp;y la querella que es representada por los abogados&nbsp;Pablo Andr\u00e9s Fleitas&nbsp;y&nbsp;Alejandra Soledad Fleitas.<\/p>\n\n\n\n<p>Despu\u00e9s de que el declarante brindara su versi\u00f3n de los hechos, cerca del mediod\u00eda el vicepresidente de Generaci\u00f3n Zoe fue citado a declarar ante el Tribunal. Por el momento, no trascendieron las respuestas que el acusado brind\u00f3 a la Justicia correntina, aunque confirmaron que los debates continuar\u00e1n este mi\u00e9rcoles 13 de noviembre por la ma\u00f1ana y se extender\u00e1n hasta la tarde.<\/p>\n\n\n\n<p>Cabe recordar que en la causa contra la organizaci\u00f3n acusada por presuntas estafas bajo la promesa de otorgar ganancias extraordinarias, brindar cursos de coaching ontol\u00f3gico y el compromiso con cumplir sue\u00f1os inalcanzables cuenta con un total de seis imputados. Seg\u00fan la informaci\u00f3n publicada por&nbsp;Diario \u00c9poca,&nbsp;los acusados se tratan del l\u00edder de la organizaci\u00f3n, Leonardo Nelson Cositorto, el vicepresidente Maximiliano Batista, Miguel \u00c1ngel Echegaray, Lucas Dami\u00e1n Camelino, Nicol\u00e1s Ismael Medina y Javier Sebasti\u00e1n Medina.<\/p>\n\n\n\n<p>El juicio contra los sospechosos de haber estado detr\u00e1s del funcionamiento de Generaci\u00f3n Zoe se reanud\u00f3 a mediados de octubre luego de que Cositorto presentara una alternativa para evitar llegar a los Tribunales. Los representantes del Ministerio P\u00fablico hab\u00edan presentado la posibilidad de que los acusados afrontaran un juicio abreviado si aceptaban su culpabilidad y se compromet\u00edan a brindar una reparaci\u00f3n econ\u00f3mica a los 98 damnificados que fuero identificados en Corrientes.<\/p>\n\n\n\n<p>A pesar de esto, la medida fue rechazada por los fiscales de Goya y la Fiscal\u00eda General de Corrientes, a cargo de&nbsp;C\u00e9sar Sotelo, por lo que el juicio continu\u00f3 su rumbo judicial luego de que las partes no llegaran a una definici\u00f3n. En el dictamen, al que tuvo acceso Infobae, Sotelo puntualiza: \u201cEstamos en presencia de un caso grave, que ha suscitado gran conmoci\u00f3n en la ciudad de Goya y ha afectado a un gran n\u00famero de v\u00edctimas, y que si bien una de las calificaciones legales enrostradas a los imputados es un delito patrimonial no puede perderse de vista que tambi\u00e9n se le recrimina a los imputados la comisi\u00f3n del delito de asociaci\u00f3n il\u00edcita, en diferentes roles y, en este orden de ideas, se halla gravemente lesionado el orden p\u00fablico\u201d.<\/p>\n\n\n\n<p>Para el jefe de los fiscales, \u201cno resulta negociable que no se juzgue a los nombrados en un debate oral y p\u00fablico por la comisi\u00f3n de los delitos atribuidos y se trate de arribar a una soluci\u00f3n de car\u00e1cter dinerario, cuando existieron distintos bienes jur\u00eddicos que se hallaron comprometidos con el accionar de los encartados, m\u00e1xime teniendo en consideraci\u00f3n la existencia de una causa anterior, de similares caracter\u00edsticas, que se ventil\u00f3 ante los estrados de esta provincia, donde recay\u00f3 condena\u201d.<\/p>\n\n\n\n<p>En esa l\u00ednea record\u00f3 que el Ministerio P\u00fablico Fiscal es el \u00f3rgano estatal \u201cincardinado en velar por la defensa de la legalidad y de los intereses generales de la sociedad\u201d y que su intervenci\u00f3n en el proceso se justifica \u201cpor el inter\u00e9s p\u00fablico comprometido en la relaci\u00f3n jur\u00eddica de fondo y\/o por la faz p\u00fablica del proceso en s\u00ed\u201d.<\/p>\n\n\n\n<p>Adem\u00e1s, hizo hincapi\u00e9 en lo que consider\u00f3 \u201cla misi\u00f3n m\u00e1s importante de los fiscales\u201d: \u201cAfianzar la legalidad y los intereses generales de la sociedad\u201d. Por esa raz\u00f3n, sugiri\u00f3 a Barry y a Castillo que contin\u00faen con el juicio contra Cositorto, sugerencia que los fiscales acataron. Ante esta nueva postura, el defensor de Cositorto y Batista,&nbsp;Guillermo Dragotto, solicit\u00f3 la recusaci\u00f3n de los fiscales, pedido que fue respaldado por la querella.<\/p>\n\n\n\n<p>El Tribunal rechaz\u00f3 la recusaci\u00f3n debido a que consideraron que los fundamentos de los abogados se basan en una serie de opiniones personales en cuanto a la actuaci\u00f3n de la Fiscal\u00eda durante el proceso, que el Tribunal anunci\u00f3 que no analizar\u00e1.<\/p>\n\n\n\n<p>Luego, Dragotto pidi\u00f3 un cuarto intermedio de una semana porque la novedad impacta en su estrategia defensiva y debe revisar el expediente, debido a que \u00e9l asumi\u00f3 hace poco la representaci\u00f3n de los presuntos l\u00edderes de Generaci\u00f3n Zoe. Finalmente, los jueces hicieron lugar al pedido, por lo que el juicio fue retomado el pasado mi\u00e9rcoles 30 de octubre, en donde cuatro testigos de la Fiscal\u00eda fueron citados a declarar.<\/p>\n","protected":false},"excerpt":{"rendered":"<p>El acusado compareci\u00f3 ante el Tribunal durante otra marat\u00f3nica jornada en el Tribunal de Juicio [&hellip;]<\/p>\n","protected":false},"author":1,"featured_media":821,"comment_status":"open","ping_status":"open","sticky":false,"template":"","format":"standard","meta":{"footnotes":""},"categories":[1],"tags":[],"_links":{"self":[{"href":"https:\/\/correntinoticias.com\/index.php\/wp-json\/wp\/v2\/posts\/820"}],"collection":[{"href":"https:\/\/correntinoticias.com\/index.php\/wp-json\/wp\/v2\/posts"}],"about":[{"href":"https:\/\/correntinoticias.com\/index.php\/wp-json\/wp\/v2\/types\/post"}],"author":[{"embeddable":true,"href":"https:\/\/correntinoticias.com\/index.php\/wp-json\/wp\/v2\/users\/1"}],"replies":[{"embeddable":true,"href":"https:\/\/correntinoticias.com\/index.php\/wp-json\/wp\/v2\/comments?post=820"}],"version-history":[{"count":1,"href":"https:\/\/correntinoticias.com\/index.php\/wp-json\/wp\/v2\/posts\/820\/revisions"}],"predecessor-version":[{"id":822,"href":"https:\/\/correntinoticias.com\/index.php\/wp-json\/wp\/v2\/posts\/820\/revisions\/822"}],"wp:featuredmedia":[{"embeddable":true,"href":"https:\/\/correntinoticias.com\/index.php\/wp-json\/wp\/v2\/media\/821"}],"wp:attachment":[{"href":"https:\/\/correntinoticias.com\/index.php\/wp-json\/wp\/v2\/media?parent=820"}],"wp:term":[{"taxonomy":"category","embeddable":true,"href":"https:\/\/correntinoticias.com\/index.php\/wp-json\/wp\/v2\/categories?post=820"},{"taxonomy":"post_tag","embeddable":true,"href":"https:\/\/correntinoticias.com\/index.php\/wp-json\/wp\/v2\/tags?post=820"}],"curies":[{"name":"wp","href":"https:\/\/api.w.org\/{rel}","templated":true}]}}