{"id":817,"date":"2024-11-19T20:06:14","date_gmt":"2024-11-19T20:06:14","guid":{"rendered":"https:\/\/correntinoticias.com\/?p=817"},"modified":"2024-11-22T20:14:28","modified_gmt":"2024-11-22T20:14:28","slug":"alexis-mac-allister-hablo-por-primera-vez-de-su-separacion-de-cami-mayan","status":"publish","type":"post","link":"https:\/\/correntinoticias.com\/index.php\/2024\/11\/19\/alexis-mac-allister-hablo-por-primera-vez-de-su-separacion-de-cami-mayan\/","title":{"rendered":"ALEXIS MAC ALLISTER HABL\u00d3 POR PRIMERA VEZ DE SU SEPARACI\u00d3N DE CAMI MAYAN"},"content":{"rendered":"\n<p>El futbolista de la Selecci\u00f3n Argentina se refiri\u00f3 a la escandalosa ruptura de su expareja, y tambi\u00e9n a su vida con su nuevo amor, Ail\u00e9n Cova<\/p>\n\n\n\n<p>La separaci\u00f3n de&nbsp;Alexis Mac Allister&nbsp;de su pareja&nbsp;Cami Mayan&nbsp;fue un esc\u00e1ndalo desde que ocurri\u00f3, luego del Mundial de Qatar 2022, justo antes de las Fiestas de Fin de A\u00f1o. En ese momento,&nbsp;la influencer asegur\u00f3 que el futbolista de la Selecci\u00f3n Nacional le hab\u00eda sido infiel con su amiga de toda la vida, Ail\u00e9n Cova,&nbsp;con quien tiempo despu\u00e9s el joven inici\u00f3 una relaci\u00f3n sentimental. Si bien Mayan dio detalles de lo ocurrido, Mac Allister no hab\u00eda hablado al respecto, hasta este martes. En di\u00e1logo con el cronista de&nbsp;A la Tarde&nbsp;(Am\u00e9rica), el futbolista del Liverpool de Inglaterra se refiri\u00f3 por primera vez a la ruptura con su expareja.<\/p>\n\n\n\n<p>Aunque el futbolista suele mantener un perfil bajo sobre su vida personal, en esta oportunidad concedi\u00f3 una nota a Oliver, el periodista del ciclo que conduce Karina Mazzocco. \u201cElla tom\u00f3 su camino, y yo el m\u00edo,\u201d dijo sin filtros, dejando en claro que la decisi\u00f3n de separarse fue definitiva y que ambos han seguido adelante. Sin embargo, evit\u00f3 puntualizar sobre las circunstancias de la ruptura, limit\u00e1ndose a decir: \u201cEst\u00e1 todo en la Justicia\u201d.<\/p>\n\n\n\n<p>A lo largo de la conversaci\u00f3n, el cronista le record\u00f3 algunos de los comentarios cr\u00edticos de Cami Mayan sobre su relaci\u00f3n, entre ellos acusaciones de infidelidad y rumores que han circulado en los medios. En respuesta, Mac Allister expres\u00f3: \u201cEs normal&#8230; una separaci\u00f3n\u201d, reconociendo que es com\u00fan que surjan distintas versiones cuando una relaci\u00f3n termina.\u00a0\u201cElla tom\u00f3 la decisi\u00f3n de salir a hablar y hacer cosas\u201d, expres\u00f3.<\/p>\n\n\n\n<p>M\u00e1s adelante, el cronista le consult\u00f3 si estaba en paz con su decisi\u00f3n y con la forma en la que la relaci\u00f3n concluy\u00f3, y el jugador contest\u00f3 sin vacilar: \u201cYo s\u00e9 c\u00f3mo fueron las cosas, y por eso estoy muy tranquilo\u201d. Con esta afirmaci\u00f3n, Mac Allister dej\u00f3 entrever que, aunque las versiones puedan ser distintas, \u00e9l se siente seguro de su postura.<\/p>\n\n\n\n<h2 class=\"wp-block-heading\"><strong>Nueva vida junto a Ail\u00e9n Cova en Inglaterra<\/strong><\/h2>\n\n\n\n<p>Lejos de los rumores, Alexis Mac Allister vive una nueva etapa de su vida en Inglaterra con su actual pareja,\u00a0Ail\u00e9n Cova. En el \u00e1mbito privado, ambos disfrutan de su vida juntos mientras el jugador se establece en la\u00a0Premier League. \u201cEstamos muy bien, contentos de disfrutar la vida juntos\u201d, comparti\u00f3 Mac Allister, describiendo esta relaci\u00f3n como un per\u00edodo de crecimiento y estabilidad en su vida personal. Aunque Mac Allister no quiso contar mucho m\u00e1s acerca del rumbo de la relaci\u00f3n, s\u00ed enfatiz\u00f3 sobre la felicidad que ambos sienten al vivir juntos y establecerse en un entorno tan competitivo como el ingl\u00e9s.<\/p>\n\n\n\n<p>Luego, Mac Allister tambi\u00e9n se refiri\u00f3 a la reciente separaci\u00f3n de\u00a0Enzo Fern\u00e1ndez\u00a0y\u00a0Valentina Cervantes. Aunque no profundiz\u00f3 en la situaci\u00f3n personal de su compa\u00f1ero, dej\u00f3 clara su postura sobre la importancia de la familia. \u201cSon cosas muy personales, solamente&#8230; no voy a meterme en nada de esas cosas\u201d. Sin embargo, agreg\u00f3 que \u201cen estos temas lo m\u00e1s importante es poner siempre la familia adelante de todo\u201d.<\/p>\n\n\n\n<p>Si bien durante los primeros tiempos, Cami Mayan no quiso revelar nada de lo sucedido con respecto a su ruptura con Alexis Mac Allister. fue al aire del canal de streaming&nbsp;Luzu TV&nbsp;cuando debut\u00f3 como panelista de&nbsp;Patria y Familia&nbsp;cuando decidi\u00f3 hablar de todo.<\/p>\n\n\n\n<p>\u201cLa separaci\u00f3n fue en persona, no por whatsapp o por tel\u00e9fono. Soy dejada b\u00e1sicamente&#8230; \u00c9l se ten\u00eda que volver all\u00e1 (porque estaban en Argentina de vacaciones) como a reincorporarse a su equipo, entonces nada, ya era casi fin de a\u00f1o y fue medio raro porque yo no estaba en mi casa con todas las cosas y me tuve que plantear qu\u00e9 hago&#8230; Yo ten\u00eda a mi perro en Inglaterra\u201d, revel\u00f3 la influencer.<\/p>\n\n\n\n<p>\u201c\u00c9l me dice \u00bfvas a buscar tus cosas o te las mando? Y le dije que ten\u00eda que procesar lo que estaba sucediendo. Le asegur\u00e9: Voy a ir, es mi casa. Tengo que traerme mis cosas y ver qu\u00e9 onda, saludar a la gente, ver qu\u00e9 hago&#8230; Era plantearme qu\u00e9 hago con todo esto que soy yo. As\u00ed que obviamente que fui para all\u00e1 y estuve un tiempo ah\u00ed, tipo, un mes que aprovech\u00e9. Vivimos juntos en esa casa, yo cocinaba como siempre y a lo mejor com\u00edamos juntos. Pero estaba sola\u201d.<\/p>\n","protected":false},"excerpt":{"rendered":"<p>El futbolista de la Selecci\u00f3n Argentina se refiri\u00f3 a la escandalosa ruptura de su expareja, [&hellip;]<\/p>\n","protected":false},"author":1,"featured_media":818,"comment_status":"open","ping_status":"open","sticky":false,"template":"","format":"standard","meta":{"footnotes":""},"categories":[1],"tags":[],"_links":{"self":[{"href":"https:\/\/correntinoticias.com\/index.php\/wp-json\/wp\/v2\/posts\/817"}],"collection":[{"href":"https:\/\/correntinoticias.com\/index.php\/wp-json\/wp\/v2\/posts"}],"about":[{"href":"https:\/\/correntinoticias.com\/index.php\/wp-json\/wp\/v2\/types\/post"}],"author":[{"embeddable":true,"href":"https:\/\/correntinoticias.com\/index.php\/wp-json\/wp\/v2\/users\/1"}],"replies":[{"embeddable":true,"href":"https:\/\/correntinoticias.com\/index.php\/wp-json\/wp\/v2\/comments?post=817"}],"version-history":[{"count":1,"href":"https:\/\/correntinoticias.com\/index.php\/wp-json\/wp\/v2\/posts\/817\/revisions"}],"predecessor-version":[{"id":819,"href":"https:\/\/correntinoticias.com\/index.php\/wp-json\/wp\/v2\/posts\/817\/revisions\/819"}],"wp:featuredmedia":[{"embeddable":true,"href":"https:\/\/correntinoticias.com\/index.php\/wp-json\/wp\/v2\/media\/818"}],"wp:attachment":[{"href":"https:\/\/correntinoticias.com\/index.php\/wp-json\/wp\/v2\/media?parent=817"}],"wp:term":[{"taxonomy":"category","embeddable":true,"href":"https:\/\/correntinoticias.com\/index.php\/wp-json\/wp\/v2\/categories?post=817"},{"taxonomy":"post_tag","embeddable":true,"href":"https:\/\/correntinoticias.com\/index.php\/wp-json\/wp\/v2\/tags?post=817"}],"curies":[{"name":"wp","href":"https:\/\/api.w.org\/{rel}","templated":true}]}}