{"id":807,"date":"2024-10-19T05:58:09","date_gmt":"2024-10-19T05:58:09","guid":{"rendered":"https:\/\/correntinoticias.com\/?p=807"},"modified":"2024-10-19T05:58:09","modified_gmt":"2024-10-19T05:58:09","slug":"el-6-de-noviembre-seguira-el-juicio-al-ex-entrenador-aldo-breard","status":"publish","type":"post","link":"https:\/\/correntinoticias.com\/index.php\/2024\/10\/19\/el-6-de-noviembre-seguira-el-juicio-al-ex-entrenador-aldo-breard\/","title":{"rendered":"EL 6 DE NOVIEMBRE SEGUIR\u00c1 EL JUICIO AL EX ENTRENADOR ALDO BREARD"},"content":{"rendered":"\n<p>Durante la ma\u00f1ana de este viernes en el Tribunal Oral Penal N\u00b0 2 se convoc\u00f3 a las cinco denunciantes para explicar la decisi\u00f3n de prescripci\u00f3n de la acci\u00f3n penal respecto a tres de los cinco hechos y la posibilidad de habilitar por primera vez el Juicio por la Verdad en estos casos. Se pas\u00f3 a cuarto intermedio hasta el 6 de noviembre a las 8 con el fin de \u00a0la apertura del debate. \u00a0<\/p>\n\n\n\n<p>El Tribunal compuesto por el doctor Rom\u00e1n Facundo Esquivel como presidente y los vocales doctores; Ariel Azcona y Juan Jose Cochia, convoc\u00f3 este viernes en el Tribunal Oral Penal N\u00b0 2 a las cinco denunciantes por la causa; \u201cAROLDO BREARD P\/SUP ABUSO GRAVEMENTE ULTRAJANTE EN CONCURSO REAL CON ABUSO SEXUAL SIMPLE REITERADO (4) HECHOS EN CONCURSO REAL.- ART.119 1ER Y 2DO PARRAFOS Y 55 DEL C.P.\u201d con el fin de explicar la decisi\u00f3n en relaci\u00f3n a la extinci\u00f3n de la acci\u00f3n penal y la posibilidad de que, en los hechos declarados prescriptos, se lleve a cabo un juicio por la verdad.<\/p>\n\n\n\n<p>As\u00ed tambi\u00e9n, los magistrados explicaron que en la resoluci\u00f3n del planteo de las partes se rechaz\u00f3 el planteo de prescripci\u00f3n continuando la prosecuci\u00f3n del debate respecto de los dos hechos que no fueron alcanzados por el instituto, conforme al an\u00e1lisis de textos legales, convenciones internacionales, reciente jurisprudencia del STJ de la provincia, como fallos de la CIDH y CSJN.<\/p>\n\n\n\n<p>Tras la instancia de explicaci\u00f3n de hoy, se resolvi\u00f3 pasar a un cuarto intermedio hasta el mi\u00e9rcoles 6 de noviembre a las 8 de la ma\u00f1ana para el inicio del debate respecto de los dos hechos que no fueron alcanzados por la prescripci\u00f3n.<\/p>\n\n\n\n<p>As\u00ed tambi\u00e9n, se le otorg\u00f3 el plazo hasta el 31 de octubre a la querella para determinar si las tres denunciantes est\u00e1n de acuerdo con la propuesta de continuar con el juicio por la verdad.<\/p>\n\n\n\n<p>Cabe destacar que los hechos por los que se acusa al ex entrenador ocurrieron en distintos per\u00edodos de tiempo entre los a\u00f1os 2006 y 2018. Las cinco denuncias que llegaron a la instancia de juicio corresponden; a hechos ocurridos en los a\u00f1os 2006; 2010; 2012; 2013 y 2018.<\/p>\n\n\n\n<p>La querella es ejercida por el doctor Conrado Rudy P\u00e9rez y la defensa est\u00e1 a cargo de los doctores H\u00e9ctor Daniel Mierez y An\u00edbal Daniel Gonz\u00e1lez. La secretaria es la doctora Sheyla Troia. El representante del Ministerio P\u00fablico es el Fiscal Adjunto del Poder Judicial, doctor Jorge Omar Semhan.<\/p>\n\n\n\n<p>Juicio por la verdad<\/p>\n\n\n\n<p>Luego de la primera audiencia realizada el pasado jueves 17 de octubre, los Jueces de Juicio decidieron&nbsp; novedosamente aplicar lo resuelto por la&nbsp; Corte Suprema en el caso \u201cFunes Gustavo Javier y otro\u201d conocido como \u201cJuicio por la Verdad\u201d. Esto conforme la debida diligencia reforzada por las condiciones de vulnerabilidad de las v\u00edctimas (menores de edad, mujeres, hechos con connotaci\u00f3n p\u00fablica) y finalmente teniendo en cuenta las expectativas generadas en las v\u00edctimas por el estadio alcanzado en el proceso.<\/p>\n\n\n\n<p>Los Juicios por la Verdad constituyen un procedimiento judicial sin efectos penales que se desarrollaron en Argentina ante la imposibilidad de perseguir penalmente a responsables, por ejemplo, de cr\u00edmenes de lesa humanidad.\u200b<\/p>\n\n\n\n<p>De este modo, se habilita una instancia para que, quien se presenta como v\u00edctima, pueda acceder a la determinaci\u00f3n de la verdad de los hechos que denuncia, aun frente al obst\u00e1culo para la persecuci\u00f3n penal y castigo del presunto autor.<\/p>\n","protected":false},"excerpt":{"rendered":"<p>Durante la ma\u00f1ana de este viernes en el Tribunal Oral Penal N\u00b0 2 se convoc\u00f3 [&hellip;]<\/p>\n","protected":false},"author":1,"featured_media":808,"comment_status":"open","ping_status":"open","sticky":false,"template":"","format":"standard","meta":{"footnotes":""},"categories":[1],"tags":[],"_links":{"self":[{"href":"https:\/\/correntinoticias.com\/index.php\/wp-json\/wp\/v2\/posts\/807"}],"collection":[{"href":"https:\/\/correntinoticias.com\/index.php\/wp-json\/wp\/v2\/posts"}],"about":[{"href":"https:\/\/correntinoticias.com\/index.php\/wp-json\/wp\/v2\/types\/post"}],"author":[{"embeddable":true,"href":"https:\/\/correntinoticias.com\/index.php\/wp-json\/wp\/v2\/users\/1"}],"replies":[{"embeddable":true,"href":"https:\/\/correntinoticias.com\/index.php\/wp-json\/wp\/v2\/comments?post=807"}],"version-history":[{"count":1,"href":"https:\/\/correntinoticias.com\/index.php\/wp-json\/wp\/v2\/posts\/807\/revisions"}],"predecessor-version":[{"id":809,"href":"https:\/\/correntinoticias.com\/index.php\/wp-json\/wp\/v2\/posts\/807\/revisions\/809"}],"wp:featuredmedia":[{"embeddable":true,"href":"https:\/\/correntinoticias.com\/index.php\/wp-json\/wp\/v2\/media\/808"}],"wp:attachment":[{"href":"https:\/\/correntinoticias.com\/index.php\/wp-json\/wp\/v2\/media?parent=807"}],"wp:term":[{"taxonomy":"category","embeddable":true,"href":"https:\/\/correntinoticias.com\/index.php\/wp-json\/wp\/v2\/categories?post=807"},{"taxonomy":"post_tag","embeddable":true,"href":"https:\/\/correntinoticias.com\/index.php\/wp-json\/wp\/v2\/tags?post=807"}],"curies":[{"name":"wp","href":"https:\/\/api.w.org\/{rel}","templated":true}]}}