{"id":804,"date":"2024-10-19T05:56:28","date_gmt":"2024-10-19T05:56:28","guid":{"rendered":"https:\/\/correntinoticias.com\/?p=804"},"modified":"2024-10-19T05:56:29","modified_gmt":"2024-10-19T05:56:29","slug":"horror-un-pitbull-ataco-a-una-nina-de-8-anos-y-le-desfiguro-la-cara","status":"publish","type":"post","link":"https:\/\/correntinoticias.com\/index.php\/2024\/10\/19\/horror-un-pitbull-ataco-a-una-nina-de-8-anos-y-le-desfiguro-la-cara\/","title":{"rendered":"HORROR: UN PITBULL ATAC\u00d3 A UNA NI\u00d1A DE 8 A\u00d1OS Y LE DESFIGUR\u00d3 LA CARA"},"content":{"rendered":"\n<p>El hecho ocurri\u00f3 en R\u00edo Gallegos cuando el animal\u00a0ingres\u00f3\u00a0a la vivienda de la menor que se encontraba jugando. La v\u00edctima fue trasladada de urgencia a Buenos Aires\u00a0para someterse a varias cirug\u00edas de reconstrucci\u00f3n facial.<\/p>\n\n\n\n<p>Una ni\u00f1a de 8 a\u00f1os fue v\u00edctima de un feroz ataque por parte de un pitbull que le desfigur\u00f3 el rostro en R\u00edo Gallegos. Tras el incidente, la menor fue trasladada de urgencia a Buenos Aires, donde deber\u00e1 someterse a m\u00faltiples cirug\u00edas para la reconstrucci\u00f3n facial.<\/p>\n\n\n\n<p>El ataque ocurri\u00f3 el pasado fin de semana mientras la ni\u00f1a jugaba en su casa. Seg\u00fan relataron los vecinos, el pitbull, que estaba atado con un cable en el terreno contiguo, logr\u00f3 soltarse e ingres\u00f3 a la vivienda, atacando a la menor. La ni\u00f1a fue trasladada inicialmente al Hospital Regional de R\u00edo Gallegos, pero debido a la gravedad de sus heridas, los m\u00e9dicos decidieron derivarla al Hospital General de Ni\u00f1os Ricardo Guti\u00e9rrez en Buenos Aires.<\/p>\n\n\n\n<p>Este jueves, la ni\u00f1a fue sometida a una nueva cirug\u00eda, en la que los m\u00e9dicos utilizaron injertos de piel de su abdomen para realizar la reconstrucci\u00f3n facial.&nbsp;<em><strong>&#8220;Esperamos que todo salga bien y que la operaci\u00f3n sea exitosa&#8221;<\/strong><\/em>, coment\u00f3 un familiar, seg\u00fan inform\u00f3 La Opini\u00f3n Austral.<\/p>\n\n\n\n<p>A pesar de la gravedad de sus heridas, la ni\u00f1a se encuentra fuera de peligro. Sus familiares aseguran que&nbsp;<strong><em>&#8220;cada d\u00eda que pasa, va avanzando favorablemente&#8221;<\/em><\/strong>.<\/p>\n\n\n\n<p>El perro que caus\u00f3 el ataque pertenece al padrastro de la menor, quien intent\u00f3 sacrificar al animal tras el incidente. Sin embargo, personal del departamento de Control Animal y Veterinaria del Municipio de R\u00edo Gallegos intervino, evitando la muerte del pitbull, que fue trasladado a un corral\u00f3n municipal.<\/p>\n","protected":false},"excerpt":{"rendered":"<p>El hecho ocurri\u00f3 en R\u00edo Gallegos cuando el animal\u00a0ingres\u00f3\u00a0a la vivienda de la menor que [&hellip;]<\/p>\n","protected":false},"author":1,"featured_media":805,"comment_status":"open","ping_status":"open","sticky":false,"template":"","format":"standard","meta":{"footnotes":""},"categories":[1],"tags":[],"_links":{"self":[{"href":"https:\/\/correntinoticias.com\/index.php\/wp-json\/wp\/v2\/posts\/804"}],"collection":[{"href":"https:\/\/correntinoticias.com\/index.php\/wp-json\/wp\/v2\/posts"}],"about":[{"href":"https:\/\/correntinoticias.com\/index.php\/wp-json\/wp\/v2\/types\/post"}],"author":[{"embeddable":true,"href":"https:\/\/correntinoticias.com\/index.php\/wp-json\/wp\/v2\/users\/1"}],"replies":[{"embeddable":true,"href":"https:\/\/correntinoticias.com\/index.php\/wp-json\/wp\/v2\/comments?post=804"}],"version-history":[{"count":1,"href":"https:\/\/correntinoticias.com\/index.php\/wp-json\/wp\/v2\/posts\/804\/revisions"}],"predecessor-version":[{"id":806,"href":"https:\/\/correntinoticias.com\/index.php\/wp-json\/wp\/v2\/posts\/804\/revisions\/806"}],"wp:featuredmedia":[{"embeddable":true,"href":"https:\/\/correntinoticias.com\/index.php\/wp-json\/wp\/v2\/media\/805"}],"wp:attachment":[{"href":"https:\/\/correntinoticias.com\/index.php\/wp-json\/wp\/v2\/media?parent=804"}],"wp:term":[{"taxonomy":"category","embeddable":true,"href":"https:\/\/correntinoticias.com\/index.php\/wp-json\/wp\/v2\/categories?post=804"},{"taxonomy":"post_tag","embeddable":true,"href":"https:\/\/correntinoticias.com\/index.php\/wp-json\/wp\/v2\/tags?post=804"}],"curies":[{"name":"wp","href":"https:\/\/api.w.org\/{rel}","templated":true}]}}