{"id":801,"date":"2024-10-19T05:48:37","date_gmt":"2024-10-19T05:48:37","guid":{"rendered":"https:\/\/correntinoticias.com\/?p=801"},"modified":"2024-10-19T05:48:37","modified_gmt":"2024-10-19T05:48:37","slug":"el-gobierno-promulgo-la-ley-de-boleta-unica-de-papel","status":"publish","type":"post","link":"https:\/\/correntinoticias.com\/index.php\/2024\/10\/19\/el-gobierno-promulgo-la-ley-de-boleta-unica-de-papel\/","title":{"rendered":"EL GOBIERNO PROMULG\u00d3 LA LEY DE BOLETA \u00daNICA DE PAPEL"},"content":{"rendered":"\n<p>La legislaci\u00f3n que introduce modificaciones al C\u00f3digo Electoral Nacional fue publicada en el Bolet\u00edn Oficial. De ahora en m\u00e1s, todos los candidatos, independientemente de su insignia pol\u00edtica, estar\u00e1n juntos en una misma papeleta<\/p>\n\n\n\n<p>Este viernes, el Gobierno nacional promulg\u00f3 la ley de Boleta \u00danica de Papel (BUP), que ser\u00e1 implementada por primera vez en las elecciones legislativas de 2025. La medida fue oficializada a trav\u00e9s del decreto 915\/2024, publicado en el Bolet\u00edn Oficial. El documento, firmado por el presidente Javier Milei y el jefe de Gabinete Guillermo Francos, establece que la ley 27.781 introduce modificaciones al C\u00f3digo Electoral Nacional.<\/p>\n\n\n\n<p>La Boleta \u00danica de Papel, un sistema completamente distinto al utilizado anteriormente, condensar\u00e1 toda la oferta electoral en una \u00fanica planilla. La misma se dividir\u00e1 en filas horizontales para cada categor\u00eda de cargo electivo, mientras que las columnas representar\u00e1n a las distintas agrupaciones pol\u00edticas que compiten.<\/p>\n\n\n\n<p>Los electores deber\u00e1n seleccionar una opci\u00f3n por categor\u00eda, ya que marcar m\u00e1s de un casillero anular\u00e1 el voto. Si no se selecciona ning\u00fan casillero, el voto se considerar\u00e1 en blanco.<\/p>\n\n\n\n<p>La iniciativa fue impulsada por diversos partidos, incluyendo La Libertad Avanza (LLA), el PRO, la UCR, Encuentro Federal, Innovaci\u00f3n Federal y la Coalici\u00f3n C\u00edvica. En su votaci\u00f3n en el Congreso de la Naci\u00f3n, el proyecto obtuvo 143 votos a favor, 87 en contra y cinco abstenciones. Los legisladores de la Uni\u00f3n por la Patria (UxP) votaron en contra, mientras que el Frente de Izquierda se abstuvo.<\/p>\n","protected":false},"excerpt":{"rendered":"<p>La legislaci\u00f3n que introduce modificaciones al C\u00f3digo Electoral Nacional fue publicada en el Bolet\u00edn Oficial. [&hellip;]<\/p>\n","protected":false},"author":1,"featured_media":802,"comment_status":"open","ping_status":"open","sticky":false,"template":"","format":"standard","meta":{"footnotes":""},"categories":[1],"tags":[],"_links":{"self":[{"href":"https:\/\/correntinoticias.com\/index.php\/wp-json\/wp\/v2\/posts\/801"}],"collection":[{"href":"https:\/\/correntinoticias.com\/index.php\/wp-json\/wp\/v2\/posts"}],"about":[{"href":"https:\/\/correntinoticias.com\/index.php\/wp-json\/wp\/v2\/types\/post"}],"author":[{"embeddable":true,"href":"https:\/\/correntinoticias.com\/index.php\/wp-json\/wp\/v2\/users\/1"}],"replies":[{"embeddable":true,"href":"https:\/\/correntinoticias.com\/index.php\/wp-json\/wp\/v2\/comments?post=801"}],"version-history":[{"count":1,"href":"https:\/\/correntinoticias.com\/index.php\/wp-json\/wp\/v2\/posts\/801\/revisions"}],"predecessor-version":[{"id":803,"href":"https:\/\/correntinoticias.com\/index.php\/wp-json\/wp\/v2\/posts\/801\/revisions\/803"}],"wp:featuredmedia":[{"embeddable":true,"href":"https:\/\/correntinoticias.com\/index.php\/wp-json\/wp\/v2\/media\/802"}],"wp:attachment":[{"href":"https:\/\/correntinoticias.com\/index.php\/wp-json\/wp\/v2\/media?parent=801"}],"wp:term":[{"taxonomy":"category","embeddable":true,"href":"https:\/\/correntinoticias.com\/index.php\/wp-json\/wp\/v2\/categories?post=801"},{"taxonomy":"post_tag","embeddable":true,"href":"https:\/\/correntinoticias.com\/index.php\/wp-json\/wp\/v2\/tags?post=801"}],"curies":[{"name":"wp","href":"https:\/\/api.w.org\/{rel}","templated":true}]}}