{"id":798,"date":"2024-10-19T05:46:34","date_gmt":"2024-10-19T05:46:34","guid":{"rendered":"https:\/\/correntinoticias.com\/?p=798"},"modified":"2024-10-19T05:46:35","modified_gmt":"2024-10-19T05:46:35","slug":"victoria-villarruel-inauguro-un-busto-de-isabel-peron-y-patricia-bullrich-la-cruzo","status":"publish","type":"post","link":"https:\/\/correntinoticias.com\/index.php\/2024\/10\/19\/victoria-villarruel-inauguro-un-busto-de-isabel-peron-y-patricia-bullrich-la-cruzo\/","title":{"rendered":"VICTORIA VILLARRUEL INAUGUR\u00d3 UN BUSTO DE ISABEL PER\u00d3N Y PATRICIA BULLRICH LA CRUZ\u00d3"},"content":{"rendered":"\n<p>La ministra de Seguridad, Patricia Bullrich, dijo que la vicepresidenta Victoria Villarruel &#8220;deber\u00eda seguir la l\u00ednea presidencial&#8221;.<\/p>\n\n\n\n<p>Primero mostr\u00f3&nbsp;fotos&nbsp;con la expresidenta en Madrid y m\u00e1s tarde inaugur\u00f3 un busto en la Casa Rosada. La vicepresidenta&nbsp;Victoria Villarruel&nbsp;tuvo su D\u00eda de la Lealtad con centro en la reivindicaci\u00f3n de Isabel Per\u00f3n y en la fase del peronismo que representa la viuda del General. Pero tuvo un vuelto desde el propio gobierno del que forma parte. &#8220;Est\u00e1 intentando un camino propio,&nbsp;separado del equipo del Gobierno&#8221;, la cruz\u00f3 la ministra de Seguridad,&nbsp;Patricia Bullrich.<\/p>\n\n\n\n<p>&#8220;Tuvo muchos gestos con el peronismo&#8221;, dijo Bullrich sobre Villarruel y de pas\u00f3 evoc\u00f3 negativamente la gesti\u00f3n de la anciana exmandataria (que gobern\u00f3 el pa\u00eds entre 19746 y el golpe de Estado de 1876), a la que calific\u00f3 como &#8220;muy mala&#8221;.<\/p>\n\n\n\n<p>A Villarruel le advirti\u00f3 que &#8220;deber\u00eda seguir la l\u00ednea presidencial&#8221;, en una comentario referido a las acciones de la vice de este jueves y, por elevaci\u00f3n, a la actitud general de distanciamiento, o autonom\u00eda pol\u00edtica, respecto del presidente\u00a0Javier Milei.\u00a0<\/p>\n\n\n\n<p>&#8220;Haber inaugurado el busto de Isabel&nbsp;es un gesto de querer tener agenda propia&#8221;, dijo puntualmente Bullrich sobre Villarruel, y dud\u00f3 sobre la proyecci\u00f3n de la vice: &#8220;No lo s\u00e9, no lo veo, no creo que por ese camino haya proyecto presidencial&#8221;.<\/p>\n\n\n\n<p>Con el rescate de la figura de Isabel Per\u00f3n, Victoria Villarruel reivindica la &#8220;parte&#8221; del peronismo de abierto enfrentamiento con los sectores combativos del propio movimiento, de los que la propia Bullrich form\u00f3 parte en sus a\u00f1os juveniles. Esa fase que se inici\u00f3 con el propio Per\u00f3n en vida despu\u00e9s del\u00a0asesinato del lider sindical\u00a0Jos\u00e9 Ignacio\u00a0Rucci, atribuido a Montoneros, aunque la organizaci\u00f3n nunca se lo atribuy\u00f3.<\/p>\n\n\n\n<p>Claudia Rucci, la hija del jefe cegetista acribillado en 1973, particip\u00f3 en el acto que se llev\u00f3 a cabo en el Sal\u00f3n de las Provincias del Senado, en el que&nbsp; estuvo Villarruel en calidad de titular de la casa legislativa tuvo como actividad m\u00e1s destacada la inauguraci\u00f3n de la C\u00e1mara. M\u00e1s temprano, la vice hab\u00eda mostrado una serie de fotos de su visita a Isabel durante su reciente gira europea.<\/p>\n\n\n\n<p>&#8220;Ac\u00e1 no vengo a ensalzar su gesti\u00f3n ni su gobierno, sino a cumplir con un acto de reparaci\u00f3n hist\u00f3rica hacia una mujer, que viuda y en soledad,\u00a0debi\u00f3 soportar m\u00e1s de 40 a\u00f1os de persecuci\u00f3n y ostracismo&#8221;, poste\u00f3 la vice despu\u00e9s del acto.<\/p>\n\n\n\n<p>Este jueves por la noche, en una entrevista en TN,&nbsp; Bullrich habl\u00f3 tanto a la figura de Isabel Mart\u00ednez de Per\u00f3n como del gesto de la vice. &#8220;Yo no reivindico la figura de Isabel.&nbsp;Fue una muy mala presidenta, y no estaba en condiciones de serlo. Esa no fue su responsabilidad: quiz\u00e1s su responsabilidad haya sido aceptar un cargo para el que no estaba formada&#8221;, lanz\u00f3 sobre la exmandataria, que tiene 93 a\u00f1os y vive hace d\u00e9cadas en Espa\u00f1a.<\/p>\n\n\n\n<p>Sobre el rescate de Villarruel, Bullrich dijo: &#8220;La de ella fue una decisi\u00f3n muy individual, no una del Gobierno. Si ella la reivindica, bueno&#8230; est\u00e1 en su derecho; pero a m\u00ed&nbsp;no me representa esa reivindicaci\u00f3n&#8221;.&nbsp;<\/p>\n","protected":false},"excerpt":{"rendered":"<p>La ministra de Seguridad, Patricia Bullrich, dijo que la vicepresidenta Victoria Villarruel &#8220;deber\u00eda seguir la [&hellip;]<\/p>\n","protected":false},"author":1,"featured_media":799,"comment_status":"open","ping_status":"open","sticky":false,"template":"","format":"standard","meta":{"footnotes":""},"categories":[1],"tags":[],"_links":{"self":[{"href":"https:\/\/correntinoticias.com\/index.php\/wp-json\/wp\/v2\/posts\/798"}],"collection":[{"href":"https:\/\/correntinoticias.com\/index.php\/wp-json\/wp\/v2\/posts"}],"about":[{"href":"https:\/\/correntinoticias.com\/index.php\/wp-json\/wp\/v2\/types\/post"}],"author":[{"embeddable":true,"href":"https:\/\/correntinoticias.com\/index.php\/wp-json\/wp\/v2\/users\/1"}],"replies":[{"embeddable":true,"href":"https:\/\/correntinoticias.com\/index.php\/wp-json\/wp\/v2\/comments?post=798"}],"version-history":[{"count":1,"href":"https:\/\/correntinoticias.com\/index.php\/wp-json\/wp\/v2\/posts\/798\/revisions"}],"predecessor-version":[{"id":800,"href":"https:\/\/correntinoticias.com\/index.php\/wp-json\/wp\/v2\/posts\/798\/revisions\/800"}],"wp:featuredmedia":[{"embeddable":true,"href":"https:\/\/correntinoticias.com\/index.php\/wp-json\/wp\/v2\/media\/799"}],"wp:attachment":[{"href":"https:\/\/correntinoticias.com\/index.php\/wp-json\/wp\/v2\/media?parent=798"}],"wp:term":[{"taxonomy":"category","embeddable":true,"href":"https:\/\/correntinoticias.com\/index.php\/wp-json\/wp\/v2\/categories?post=798"},{"taxonomy":"post_tag","embeddable":true,"href":"https:\/\/correntinoticias.com\/index.php\/wp-json\/wp\/v2\/tags?post=798"}],"curies":[{"name":"wp","href":"https:\/\/api.w.org\/{rel}","templated":true}]}}