{"id":795,"date":"2024-10-19T05:42:41","date_gmt":"2024-10-19T05:42:41","guid":{"rendered":"https:\/\/correntinoticias.com\/?p=795"},"modified":"2024-10-19T05:42:41","modified_gmt":"2024-10-19T05:42:41","slug":"dolor-en-el-chamame-murio-pedro-del-prado-integrante-de-amandaye","status":"publish","type":"post","link":"https:\/\/correntinoticias.com\/index.php\/2024\/10\/19\/dolor-en-el-chamame-murio-pedro-del-prado-integrante-de-amandaye\/","title":{"rendered":"DOLOR EN EL CHAMAM\u00c9: MURI\u00d3 PEDRO DEL PRADO, INTEGRANTE DE AMANDAY\u00c9"},"content":{"rendered":"\n<p>Con tristeza el mundo del Chamam\u00e9 y la cultura correntina despiden a uno de sus principales referentes. Pedro del Padro, integrante de Amanday\u00e9 falleci\u00f3 en la jornada de este domingo y su amor por la m\u00fasica quedar\u00e1 siempre en su p\u00fablico.<\/p>\n\n\n\n<p>En menos de un mes el luto vuelve a golpear al Chamam\u00e9 y a la cultura correntina, que ahora le toca despedirse de\u00a0<strong>Pedro del Prado, integrante de Amanday\u00e9.<\/strong><\/p>\n\n\n\n<p>Si bien hasta el momento se desconoce las causas de su fallecimiento, se conoc\u00eda que el m\u00fasico estaba internado en el Hospital Vidal de la ciudad de Corrientes y falleci\u00f3 en la jornada de este domingo.<\/p>\n\n\n\n<p>Quienes quieran despedirse del artista correntino, sus restos ser\u00e1n velados en una cocher\u00eda ubicada sobre calle San Juan 1.465 a partir de las 8.30 de la ma\u00f1ana de este lunes&nbsp;<\/p>\n\n\n\n<p>Al igual que&nbsp;<strong>Ofelia Leiva y la escritora Marta Chemes Bahamonde<\/strong>, el legado de Pedro del Prado seguir\u00e1 vivo en su familia, amigos y sobre todo en su p\u00fablico.<\/p>\n\n\n\n<h2 class=\"wp-block-heading\"><strong>Bajo el Cielo de Mantilla por Amanday\u00e9<\/strong><\/h2>\n","protected":false},"excerpt":{"rendered":"<p>Con tristeza el mundo del Chamam\u00e9 y la cultura correntina despiden a uno de sus [&hellip;]<\/p>\n","protected":false},"author":1,"featured_media":796,"comment_status":"open","ping_status":"open","sticky":false,"template":"","format":"standard","meta":{"footnotes":""},"categories":[1],"tags":[],"_links":{"self":[{"href":"https:\/\/correntinoticias.com\/index.php\/wp-json\/wp\/v2\/posts\/795"}],"collection":[{"href":"https:\/\/correntinoticias.com\/index.php\/wp-json\/wp\/v2\/posts"}],"about":[{"href":"https:\/\/correntinoticias.com\/index.php\/wp-json\/wp\/v2\/types\/post"}],"author":[{"embeddable":true,"href":"https:\/\/correntinoticias.com\/index.php\/wp-json\/wp\/v2\/users\/1"}],"replies":[{"embeddable":true,"href":"https:\/\/correntinoticias.com\/index.php\/wp-json\/wp\/v2\/comments?post=795"}],"version-history":[{"count":1,"href":"https:\/\/correntinoticias.com\/index.php\/wp-json\/wp\/v2\/posts\/795\/revisions"}],"predecessor-version":[{"id":797,"href":"https:\/\/correntinoticias.com\/index.php\/wp-json\/wp\/v2\/posts\/795\/revisions\/797"}],"wp:featuredmedia":[{"embeddable":true,"href":"https:\/\/correntinoticias.com\/index.php\/wp-json\/wp\/v2\/media\/796"}],"wp:attachment":[{"href":"https:\/\/correntinoticias.com\/index.php\/wp-json\/wp\/v2\/media?parent=795"}],"wp:term":[{"taxonomy":"category","embeddable":true,"href":"https:\/\/correntinoticias.com\/index.php\/wp-json\/wp\/v2\/categories?post=795"},{"taxonomy":"post_tag","embeddable":true,"href":"https:\/\/correntinoticias.com\/index.php\/wp-json\/wp\/v2\/tags?post=795"}],"curies":[{"name":"wp","href":"https:\/\/api.w.org\/{rel}","templated":true}]}}