{"id":787,"date":"2024-09-19T12:02:49","date_gmt":"2024-09-19T12:02:49","guid":{"rendered":"https:\/\/correntinoticias.com\/?p=787"},"modified":"2024-09-24T12:03:27","modified_gmt":"2024-09-24T12:03:27","slug":"causa-loan-ordenan-peritajes-en-dos-espejos-de-agua-y-cuatro-aljibes","status":"publish","type":"post","link":"https:\/\/correntinoticias.com\/index.php\/2024\/09\/19\/causa-loan-ordenan-peritajes-en-dos-espejos-de-agua-y-cuatro-aljibes\/","title":{"rendered":"CAUSA LOAN: ORDENAN PERITAJES EN DOS ESPEJOS DE AGUA Y CUATRO ALJIBES"},"content":{"rendered":"\n<p>La Justicia Federal de Goya orden\u00f3 nuevos rastrillajes en el marco de la b\u00fasqueda de Loan, el menor desaparecido el 13 de junio.\u00a0<\/p>\n\n\n\n<p>Seg\u00fan inform\u00f3 el periodista goyano Juan Cruz Vel\u00e1squez a trav\u00e9s de su cuenta de X, los nuevos procedimientos incluyen la inspecci\u00f3n de\u00a0<strong>dos espejos de agua y cuatro pozos tipo aljibe<\/strong>, medidas solicitadas por la familia del ni\u00f1o a trav\u00e9s de su abogado.<\/p>\n\n\n\n<p>El pedido hab\u00eda sido presentado el 11 de septiembre, cuando los familiares de Loan solicitaron un nuevo peritaje en estas \u00e1reas espec\u00edficas. Los espejos de agua y los pozos est\u00e1n ubicados\u00a0<strong>al sudeste del denominado &#8220;punto cero&#8221;<\/strong>, el \u00faltimo lugar donde se tuvo registro de la presencia del menor.<\/p>\n","protected":false},"excerpt":{"rendered":"<p>La Justicia Federal de Goya orden\u00f3 nuevos rastrillajes en el marco de la b\u00fasqueda de [&hellip;]<\/p>\n","protected":false},"author":1,"featured_media":788,"comment_status":"open","ping_status":"open","sticky":false,"template":"","format":"standard","meta":{"footnotes":""},"categories":[1],"tags":[],"_links":{"self":[{"href":"https:\/\/correntinoticias.com\/index.php\/wp-json\/wp\/v2\/posts\/787"}],"collection":[{"href":"https:\/\/correntinoticias.com\/index.php\/wp-json\/wp\/v2\/posts"}],"about":[{"href":"https:\/\/correntinoticias.com\/index.php\/wp-json\/wp\/v2\/types\/post"}],"author":[{"embeddable":true,"href":"https:\/\/correntinoticias.com\/index.php\/wp-json\/wp\/v2\/users\/1"}],"replies":[{"embeddable":true,"href":"https:\/\/correntinoticias.com\/index.php\/wp-json\/wp\/v2\/comments?post=787"}],"version-history":[{"count":1,"href":"https:\/\/correntinoticias.com\/index.php\/wp-json\/wp\/v2\/posts\/787\/revisions"}],"predecessor-version":[{"id":789,"href":"https:\/\/correntinoticias.com\/index.php\/wp-json\/wp\/v2\/posts\/787\/revisions\/789"}],"wp:featuredmedia":[{"embeddable":true,"href":"https:\/\/correntinoticias.com\/index.php\/wp-json\/wp\/v2\/media\/788"}],"wp:attachment":[{"href":"https:\/\/correntinoticias.com\/index.php\/wp-json\/wp\/v2\/media?parent=787"}],"wp:term":[{"taxonomy":"category","embeddable":true,"href":"https:\/\/correntinoticias.com\/index.php\/wp-json\/wp\/v2\/categories?post=787"},{"taxonomy":"post_tag","embeddable":true,"href":"https:\/\/correntinoticias.com\/index.php\/wp-json\/wp\/v2\/tags?post=787"}],"curies":[{"name":"wp","href":"https:\/\/api.w.org\/{rel}","templated":true}]}}