{"id":784,"date":"2024-09-19T12:01:42","date_gmt":"2024-09-19T12:01:42","guid":{"rendered":"https:\/\/correntinoticias.com\/?p=784"},"modified":"2024-09-24T12:03:32","modified_gmt":"2024-09-24T12:03:32","slug":"caso-chirino-me-llamaron-y-me-dijeron-venite-a-capital-que-tu-hijo-esta-muerto","status":"publish","type":"post","link":"https:\/\/correntinoticias.com\/index.php\/2024\/09\/19\/caso-chirino-me-llamaron-y-me-dijeron-venite-a-capital-que-tu-hijo-esta-muerto\/","title":{"rendered":"CASO CHIRINO: &#8220;ME LLAMARON Y ME DIJERON VENITE A CAPITAL QUE TU HIJO EST\u00c1 MUERTO&#8221;"},"content":{"rendered":"\n<p>Ezequiel Chirino, pap\u00e1 de Mat\u00edas Chirino, soldado que muri\u00f3 en el regimiento en un ritual de bautismo dialog\u00f3. &#8220;Es como volver a repetir todo nuevo\u00a0pero tenemos fe en Dios que va a salir todo bien\u201d, dijo.<\/p>\n\n\n\n<p>\u00a0El pap\u00e1\u00a0de Mat\u00edas Chirino, el joven subteniente que perdi\u00f3 la vida durante un\u00a0ritual de iniciaci\u00f3n al Ej\u00e9rcito Argentino, en un regimiento de la localidad correntina Paso de los Libres. Desde el 8 al 22 de octubre,\u00a0nueve exmilitares ser\u00e1n juzgados por homicidio simple\u00a0ante el Tribunal Oral Federal de Corrientes.<\/p>\n\n\n\n<p>&#8220;Es como volver a repetir todo nuevo, son d\u00edas muy duros donde no se puede dormir y uno est\u00e1 muy alterado, nervioso, pero tenemos fe en Dios que va a salir todo bien\u201d, dijo.<\/p>\n\n\n\n<p><strong>Los imputados en la causa del soldado de 22 a\u00f1os son:&nbsp;<\/strong>&nbsp;Rub\u00e9n Dar\u00edo Ruiz,&nbsp;Claudio Andr\u00e9s Luna,&nbsp;Hugo Mart\u00ednez T\u00e1rraga Reclus,&nbsp;Exequiel Emanuel Aguilar,&nbsp;Dar\u00edo Emanuel Mart\u00ednez,&nbsp;Luis Facundo Acosta&nbsp;y&nbsp;Gerardo Sebasti\u00e1n Bautista, quienes fueron se\u00f1alados como&nbsp;coautores del crimen.&nbsp;A su vez, se los acusa de&nbsp;abuso de autoridad&nbsp;en perjuicio de otros dos oficiales ingresantes que participaron de aquella \u201cbienvenida\u201d. Todos enfrentan una condena de&nbsp;entre 8 y 25 a\u00f1os&nbsp;de c\u00e1rcel.<\/p>\n\n\n\n<p>Por otra parte, hay otras dos personas que fueron calificadas como&nbsp;part\u00edcipes secundarios&nbsp;de los mismos delitos. Se trata de&nbsp;Claudia Daniela Cayata&nbsp;y&nbsp;Franco Dami\u00e1n Grupico, quienes tambi\u00e9n deber\u00e1n presentarse el 8 de octubre a las 8:30 de la ma\u00f1ana para el inicio de las audiencias de debate.<\/p>\n\n\n\n<p>Durante el juicio, el Tribunal Oral en lo Criminal Federal de Corrientes escuchar\u00e1 a\u00a037 testigos\u00a0para intentar esclarecer los hechos ocurridos en la madrugada del\u00a019 de junio de 2022.<\/p>\n\n\n\n<h2 class=\"wp-block-heading\"><strong>&#8220;ENSUCIAN AL EJ\u00c9RCITO&#8221;<\/strong><\/h2>\n\n\n\n<p>El padre de Mat\u00edas apunt\u00f3 contra el jefe de la unidad, por su falta de empat\u00eda a la hora de contarle el tr\u00e1gico hecho: \u201cMe llam\u00f3 y me dijo venite a capital que tu hijo est\u00e1 muerto, nunca me contuvo ni me dijo que hab\u00eda pasado, me enter\u00e9 reci\u00e9n cuando llegue\u201d. \u201cEl &nbsp;\u00fanico que me contuvo fue el subteniente, hasta hoy el ej\u00e9rcito sigue a nuestra disposici\u00f3n\u201d, expres\u00f3.<\/p>\n\n\n\n<p>Y se\u00f1al\u00f3 que no culpa a todo el Ej\u00e9rcito por este aberrante hecho: \u201cSon grupos de s\u00e1dicas personas que arruinan al Ej\u00e9rcito. Ninguno de ellos tuvo el valor de pedir disculpa o decir algo, de mostrar arrepentimiento\u201d<\/p>\n\n\n\n<h2 class=\"wp-block-heading\"><strong>C\u00f3mo fue la muerte del subteniente Chirino<\/strong><\/h2>\n\n\n\n<p>En la madrugada del 19 de junio de 2022,&nbsp;Chirino,&nbsp;Chaile y&nbsp;Meza&nbsp;sufrieron&nbsp;varias torturas en nombre de un \u201critual\u201d por el inicio de sus carreras en el Ej\u00e9rcito Argentino.&nbsp;Los tres fueron obligados a beber alcohol en exceso, arrojarse a una pileta con agua sucia y realizar actividades extenuantes con una temperatura que apenas alcanzaba los tres grados.<\/p>\n\n\n\n<p>En este escenario, fue Mat\u00edas quien se llev\u00f3 la peor parte, ya que luego de que perdiera el conocimiento, fue abandonado en un colch\u00f3n sin ning\u00fan medio de calefacci\u00f3n. Cerca del amanecer,&nbsp;el subteniente muri\u00f3 debido a una broncoaspiraci\u00f3n -se ahog\u00f3 con su propio v\u00f3mito-&nbsp;y, si bien fue trasladado de urgencia al Hospital San Jos\u00e9, lleg\u00f3 sin signos vitales.<\/p>\n","protected":false},"excerpt":{"rendered":"<p>Ezequiel Chirino, pap\u00e1 de Mat\u00edas Chirino, soldado que muri\u00f3 en el regimiento en un ritual [&hellip;]<\/p>\n","protected":false},"author":1,"featured_media":785,"comment_status":"open","ping_status":"open","sticky":false,"template":"","format":"standard","meta":{"footnotes":""},"categories":[1],"tags":[],"_links":{"self":[{"href":"https:\/\/correntinoticias.com\/index.php\/wp-json\/wp\/v2\/posts\/784"}],"collection":[{"href":"https:\/\/correntinoticias.com\/index.php\/wp-json\/wp\/v2\/posts"}],"about":[{"href":"https:\/\/correntinoticias.com\/index.php\/wp-json\/wp\/v2\/types\/post"}],"author":[{"embeddable":true,"href":"https:\/\/correntinoticias.com\/index.php\/wp-json\/wp\/v2\/users\/1"}],"replies":[{"embeddable":true,"href":"https:\/\/correntinoticias.com\/index.php\/wp-json\/wp\/v2\/comments?post=784"}],"version-history":[{"count":1,"href":"https:\/\/correntinoticias.com\/index.php\/wp-json\/wp\/v2\/posts\/784\/revisions"}],"predecessor-version":[{"id":786,"href":"https:\/\/correntinoticias.com\/index.php\/wp-json\/wp\/v2\/posts\/784\/revisions\/786"}],"wp:featuredmedia":[{"embeddable":true,"href":"https:\/\/correntinoticias.com\/index.php\/wp-json\/wp\/v2\/media\/785"}],"wp:attachment":[{"href":"https:\/\/correntinoticias.com\/index.php\/wp-json\/wp\/v2\/media?parent=784"}],"wp:term":[{"taxonomy":"category","embeddable":true,"href":"https:\/\/correntinoticias.com\/index.php\/wp-json\/wp\/v2\/categories?post=784"},{"taxonomy":"post_tag","embeddable":true,"href":"https:\/\/correntinoticias.com\/index.php\/wp-json\/wp\/v2\/tags?post=784"}],"curies":[{"name":"wp","href":"https:\/\/api.w.org\/{rel}","templated":true}]}}