{"id":781,"date":"2024-09-19T11:58:59","date_gmt":"2024-09-19T11:58:59","guid":{"rendered":"https:\/\/correntinoticias.com\/?p=781"},"modified":"2024-09-24T12:03:36","modified_gmt":"2024-09-24T12:03:36","slug":"roberto-garcia-moritan-sobre-su-crisis-con-pampita-no-hay-infidelidad","status":"publish","type":"post","link":"https:\/\/correntinoticias.com\/index.php\/2024\/09\/19\/roberto-garcia-moritan-sobre-su-crisis-con-pampita-no-hay-infidelidad\/","title":{"rendered":"ROBERTO GARC\u00cdA MORIT\u00c1N SOBRE SU CRISIS CON PAMPITA: &#8220;NO HAY INFIDELIDAD&#8221;"},"content":{"rendered":"\n<p>El pol\u00edtico blanque\u00f3 que est\u00e1n atravesando un momento de dificultad con la modelo y conductora.\u00a0Sin embargo, aclar\u00f3: &#8220;No estamos separados&#8221;.<\/p>\n\n\n\n<p>En sus redes sociales,&nbsp;en medio de las versiones sobre su relaci\u00f3n con&nbsp;Carolina &#8220;Pampita&#8221; Ardoha\u00edn,&nbsp;Roberto Garc\u00eda Morit\u00e1n&nbsp;emiti\u00f3 un comunicado y blanque\u00f3 estar atravesando un momento de crisis con la modelo y conductora, madre de su&nbsp;hija, Ana Garc\u00eda Morit\u00e1n.<\/p>\n\n\n\n<p><strong>&#8220;No existe infidelidad ni hay terceros en discordia&#8221;,<\/strong>&nbsp;afirm\u00f3 el actual Ministro de Desarrollo Econ\u00f3mico de la Ciudad de Buenos Aires en el inicio de su posteo en su cuenta de Instagram, donde acumula cerca de 900 mil seguidores.<\/p>\n\n\n\n<p><strong>&#8220;Hace 5 a\u00f1os que estamos juntos, s\u00ed, con mejores y peores momentos como todas las parejas, pero&nbsp;NO estamos separados&#8221;<\/strong>, asegur\u00f3 el tambi\u00e9n padre de Delfina y Santino, fruto de su matrimonio con Milagros Brito.<\/p>\n\n\n\n<p><strong>&#8220;Seguimos priorizando el amor que nos tenemos y a nuestra maravillosa familia&#8221;,<\/strong>\u00a0sum\u00f3 Morit\u00e1n en su publicaci\u00f3n.\u00a0Y finaliz\u00f3 en su posteo:\u00a0&#8220;Sean respetuosos con sus opiniones por favor&#8221;, solicitando que mermen el gran n\u00famero de\u00a0especulaciones sobre la separaci\u00f3n de la pareja.<\/p>\n\n\n\n<p>Mientras que Morit\u00e1n tom\u00f3 la decisi\u00f3n de hacer p\u00fablico la crisis en sus redes sociales,\u00a0<strong>la postura de Pampita fue llamarse a silencio.<\/strong><\/p>\n\n\n\n<p>Aunque s\u00ed realiz\u00f3 un gran n\u00famero de publicaciones en su Instagram, donde acumula m\u00e1s de 7.9 millones de seguidores.\u00a0La modelo y conductora comparti\u00f3 en sus historias una foto de una tarde con amigas y sus respectivas hijas en el Ecoparque de la Ciudad de Buenos Aires.<\/p>\n\n\n\n<p>Adem\u00e1s, llamativamente, sigui\u00f3 con la publicidad de diferentes c\u00e1psulas y colaboraciones que tiene con exclusivas marcas, aprovechando la visibilidad que el esc\u00e1ndalo con su pareja le est\u00e1 dando.<\/p>\n","protected":false},"excerpt":{"rendered":"<p>El pol\u00edtico blanque\u00f3 que est\u00e1n atravesando un momento de dificultad con la modelo y conductora.\u00a0Sin [&hellip;]<\/p>\n","protected":false},"author":1,"featured_media":782,"comment_status":"open","ping_status":"open","sticky":false,"template":"","format":"standard","meta":{"footnotes":""},"categories":[1],"tags":[],"_links":{"self":[{"href":"https:\/\/correntinoticias.com\/index.php\/wp-json\/wp\/v2\/posts\/781"}],"collection":[{"href":"https:\/\/correntinoticias.com\/index.php\/wp-json\/wp\/v2\/posts"}],"about":[{"href":"https:\/\/correntinoticias.com\/index.php\/wp-json\/wp\/v2\/types\/post"}],"author":[{"embeddable":true,"href":"https:\/\/correntinoticias.com\/index.php\/wp-json\/wp\/v2\/users\/1"}],"replies":[{"embeddable":true,"href":"https:\/\/correntinoticias.com\/index.php\/wp-json\/wp\/v2\/comments?post=781"}],"version-history":[{"count":1,"href":"https:\/\/correntinoticias.com\/index.php\/wp-json\/wp\/v2\/posts\/781\/revisions"}],"predecessor-version":[{"id":783,"href":"https:\/\/correntinoticias.com\/index.php\/wp-json\/wp\/v2\/posts\/781\/revisions\/783"}],"wp:featuredmedia":[{"embeddable":true,"href":"https:\/\/correntinoticias.com\/index.php\/wp-json\/wp\/v2\/media\/782"}],"wp:attachment":[{"href":"https:\/\/correntinoticias.com\/index.php\/wp-json\/wp\/v2\/media?parent=781"}],"wp:term":[{"taxonomy":"category","embeddable":true,"href":"https:\/\/correntinoticias.com\/index.php\/wp-json\/wp\/v2\/categories?post=781"},{"taxonomy":"post_tag","embeddable":true,"href":"https:\/\/correntinoticias.com\/index.php\/wp-json\/wp\/v2\/tags?post=781"}],"curies":[{"name":"wp","href":"https:\/\/api.w.org\/{rel}","templated":true}]}}