{"id":778,"date":"2024-09-19T11:56:06","date_gmt":"2024-09-19T11:56:06","guid":{"rendered":"https:\/\/correntinoticias.com\/?p=778"},"modified":"2024-09-24T12:03:41","modified_gmt":"2024-09-24T12:03:41","slug":"justicia-por-mano-propia-el-pollero-justiciero-busca-trabajo","status":"publish","type":"post","link":"https:\/\/correntinoticias.com\/index.php\/2024\/09\/19\/justicia-por-mano-propia-el-pollero-justiciero-busca-trabajo\/","title":{"rendered":"JUSTICIA POR MANO PROPIA: &#8220;EL POLLERO JUSTICIERO BUSCA TRABAJO&#8221;"},"content":{"rendered":"\n<p>El hombre que esta semana fue liberado por la Justicia de Corrientes cont\u00f3 c\u00f3mo es su nueva realidad y quiere volver a empezar. Hoy, pide ayuda a la comunidad para conseguir un trabajo y\u00a0sostener a su familia.<\/p>\n\n\n\n<p>C. es el hombre que esta semana recuper\u00f3 la libertad tras matar a un ladr\u00f3n que, de forma reiterada. En contacto con el cronista de este medio, afirm\u00f3 que&nbsp;<strong>su mayor miedo es que presente su curriculum vitae en alg\u00fan lugar y no lo llamen de ning\u00fan lado por lo ocurrido.<\/strong><\/p>\n\n\n\n<p>Su abogado Gustavo Briend ya anticip\u00f3 que mediar\u00eda con su anterior empleador para que pueda reincorporarlo o llegar a alg\u00fan arreglo. El joven estaba en blanco y trabaj\u00f3 durante tres a\u00f1os. Al momento del despido, no recibi\u00f3 ning\u00fan tipo de liquidaci\u00f3n final.&nbsp;<strong>\u201cEn ning\u00fan momento le fall\u00e9\u201d, se\u00f1al\u00f3 sobre su trabajo en la poller\u00eda.<\/strong><\/p>\n\n\n\n<p><strong>C. tiene conocimientos de talabarter\u00eda, carpinter\u00eda, herrer\u00eda y alba\u00f1iler\u00eda.<\/strong>&nbsp;Tambi\u00e9n sabe manejar y&nbsp;<strong>se desempe\u00f1\u00f3 como empleado de una panader\u00eda:<\/strong>&nbsp;\u201cMe s\u00e9 desempe\u00f1ar solo y me adapto r\u00e1pido\u201d, se\u00f1al\u00f3 visiblemente conmocionado.<\/p>\n\n\n\n<p>Su familia est\u00e1 compuesta por su esposa, quien durante el tiempo que estuvo detenido, hac\u00eda tortaparrilla y otras comidas para vender.\u00a0<strong>\u201cPonemos moneditas entre todos para compartir un guiso con la familia\u201d, sostuvo.<\/strong><\/p>\n\n\n\n<p>C. sostuvo que se mud\u00f3 del barrio Ongay donde viv\u00eda y&nbsp;<strong>sus hijos tuvieron que dejar la escuela.<\/strong>&nbsp;\u201cEran amenazados por todos los del barrio\u201d, afirm\u00f3. Y cont\u00f3 que actualmente est\u00e1 en la casa de un familiar que lo est\u00e1 ayudando.<\/p>\n\n\n\n<p>Cabe se\u00f1alar que ni \u00e9l, ni su familia no cuentan con ning\u00fan tipo de seguridad y no recibe tratamiento psicol\u00f3gico: \u201cA la noche no duermo bien, todo el tiempo pienso que fue un error y un horror.\u00a0<strong>Estoy destruido y con mucha amargura, porque pas\u00e9 de tener todo a no tener nada\u201d<\/strong>, a\u00f1adi\u00f3 con mucho dolor.<\/p>\n\n\n\n<p>Adem\u00e1s, dijo que \u00e9l que nunca tuvo una causa \u201cestaba encerrado y los chorros que entraban a robarme estaban todos sueltos\u201d.<\/p>\n\n\n\n<h2 class=\"wp-block-heading\"><strong>Para colaboraci\u00f3n con la familia, brind\u00f3 su alias de billetera virtual: carlos.silvina97<\/strong><\/h2>\n","protected":false},"excerpt":{"rendered":"<p>El hombre que esta semana fue liberado por la Justicia de Corrientes cont\u00f3 c\u00f3mo es [&hellip;]<\/p>\n","protected":false},"author":1,"featured_media":779,"comment_status":"open","ping_status":"open","sticky":false,"template":"","format":"standard","meta":{"footnotes":""},"categories":[1],"tags":[],"_links":{"self":[{"href":"https:\/\/correntinoticias.com\/index.php\/wp-json\/wp\/v2\/posts\/778"}],"collection":[{"href":"https:\/\/correntinoticias.com\/index.php\/wp-json\/wp\/v2\/posts"}],"about":[{"href":"https:\/\/correntinoticias.com\/index.php\/wp-json\/wp\/v2\/types\/post"}],"author":[{"embeddable":true,"href":"https:\/\/correntinoticias.com\/index.php\/wp-json\/wp\/v2\/users\/1"}],"replies":[{"embeddable":true,"href":"https:\/\/correntinoticias.com\/index.php\/wp-json\/wp\/v2\/comments?post=778"}],"version-history":[{"count":1,"href":"https:\/\/correntinoticias.com\/index.php\/wp-json\/wp\/v2\/posts\/778\/revisions"}],"predecessor-version":[{"id":780,"href":"https:\/\/correntinoticias.com\/index.php\/wp-json\/wp\/v2\/posts\/778\/revisions\/780"}],"wp:featuredmedia":[{"embeddable":true,"href":"https:\/\/correntinoticias.com\/index.php\/wp-json\/wp\/v2\/media\/779"}],"wp:attachment":[{"href":"https:\/\/correntinoticias.com\/index.php\/wp-json\/wp\/v2\/media?parent=778"}],"wp:term":[{"taxonomy":"category","embeddable":true,"href":"https:\/\/correntinoticias.com\/index.php\/wp-json\/wp\/v2\/categories?post=778"},{"taxonomy":"post_tag","embeddable":true,"href":"https:\/\/correntinoticias.com\/index.php\/wp-json\/wp\/v2\/tags?post=778"}],"curies":[{"name":"wp","href":"https:\/\/api.w.org\/{rel}","templated":true}]}}