{"id":775,"date":"2024-09-19T11:53:31","date_gmt":"2024-09-19T11:53:31","guid":{"rendered":"https:\/\/correntinoticias.com\/?p=775"},"modified":"2024-09-24T12:03:48","modified_gmt":"2024-09-24T12:03:48","slug":"concejal-acusado-de-abuso-habia-asimetria-de-poder-y-vulnerabilidad-economica","status":"publish","type":"post","link":"https:\/\/correntinoticias.com\/index.php\/2024\/09\/19\/concejal-acusado-de-abuso-habia-asimetria-de-poder-y-vulnerabilidad-economica\/","title":{"rendered":"CONCEJAL ACUSADO DE ABUSO: &#8220;HAB\u00cdA ASIMETR\u00cdA DE PODER Y VULNERABILIDAD ECON\u00d3MICA&#8221;"},"content":{"rendered":"\n<p>El concejal de Goya Guillermo Am\u00e9rico C\u00f3rdoba fue hallado culpable de\u00a0los delitos de abuso sexual con acceso carnal en la modalidad de delito continuado y abuso sexual simple.\u00a0El abogado querellante de las tres v\u00edctimas, Conrado Rudy P\u00e9rez, dialog\u00f3 con Radio Sudamericana sobre este caso.\u00a0<\/p>\n\n\n\n<p>El Tribunal de Juicio de Goya declar\u00f3 la responsabilidad penal de Guillermo Am\u00e9rico C\u00f3rdoba, referente del Movimiento Evita,&nbsp;por los delitos de abuso sexual con acceso carnal en modalidad de delito continuado y abuso sexual simple en concurso real. Sin embargo, fue absuelto por insuficiencia de pruebas en los cargos de coacci\u00f3n y privaci\u00f3n ilegal de la libertad.<\/p>\n\n\n\n<h2 class=\"wp-block-heading\"><strong>CONTIN\u00daA SIENDO CONCEJAL&nbsp;<\/strong><\/h2>\n\n\n\n<p>C\u00f3rdoba, quien fue electo para el per\u00edodo 2023-2027, y sigue en funciones como edil hasta que el Concejlo Deliberante defina su situaci\u00f3n. \u201cSe le pidi\u00f3 al Concejo que informe la situaci\u00f3n laboral y el Concejo emiti\u00f3 un acta para certificar que todav\u00eda mantiene su cargo y a su vez el Cuerpo fue notificado de que tiene una causa penal en curso&#8221;, se\u00f1al\u00f3 el abogado querellante de las tres v\u00edctimas, Conrado Rudy P\u00e9rez.&nbsp;<\/p>\n\n\n\n<h2 class=\"wp-block-heading\"><strong>LAS PERICIAS PSICOL\u00d3GICAS FUERON CLAVES<\/strong><\/h2>\n\n\n\n<p>El caso surgi\u00f3&nbsp;<a href=\"https:\/\/www.radiosudamericana.com\/nota\/policiales\/307147-Hablo-la-presunta-victima-del-concejal--Yo-estaba-viviendo-un-infierno.htm\">tras denuncias de tres mujeres que militaban junto a C\u00f3rdoba una en el \u201cMovimiento Evita\u201d y dos en &#8220;Barrios de Pie&#8221;.&nbsp;<\/a>Los hechos habr\u00edan ocurrido entre 2022 y 2023. Durante el juicio, que comenz\u00f3 el 12 de septiembre, se escucharon 19 testimonios.&nbsp;<\/p>\n\n\n\n<p>El abogado querellante explic\u00f3 que&nbsp;las pericias psicol\u00f3gicas&nbsp;fueron determinantes para establecer su responsabilidad: \u201cNo hubo ning\u00fan margen de duda. Los tres informes notificaron&nbsp;que se trat\u00f3&nbsp;de&nbsp;abuso sexual y en el mismo informe dan cuenta de situaciones de asimetr\u00eda de poder y de vulnerabilidad econ\u00f3mica de las v\u00edctimas\u201d, explic\u00f3.<\/p>\n\n\n\n<p>Tambi\u00e9n se\u00f1al\u00f3 que las tres v\u00edctimas est\u00e1n con contenci\u00f3n psicol\u00f3gica: &#8220;Quien les devuelve a ellas las vivencias y borra las coas oscuras por las que tuvieron que pasar. Es importante la sentencia porque son cap\u00edtulos que se van cerrando, pero el da\u00f1o sufrido y la gravedad de los ultrajes dejan rastros indelebles en la psiquis humana\u201d.<\/p>\n\n\n\n<h2 class=\"wp-block-heading\"><strong>LA CONDENA<\/strong><\/h2>\n\n\n\n<p><strong>El monto de la condena&nbsp;se dar\u00e1 a conocer el lunes 23,&nbsp;a las 16:30 despu\u00e9s de que cada una de las partes exponga sus alegatos. El Tribunal determinar\u00e1 la cantidad de a\u00f1os de la condena que&nbsp;le impondr\u00e1 al Concejal Guillermo C\u00f3rdoba.&nbsp;<\/strong><\/p>\n","protected":false},"excerpt":{"rendered":"<p>El concejal de Goya Guillermo Am\u00e9rico C\u00f3rdoba fue hallado culpable de\u00a0los delitos de abuso sexual [&hellip;]<\/p>\n","protected":false},"author":1,"featured_media":776,"comment_status":"open","ping_status":"open","sticky":false,"template":"","format":"standard","meta":{"footnotes":""},"categories":[1],"tags":[],"_links":{"self":[{"href":"https:\/\/correntinoticias.com\/index.php\/wp-json\/wp\/v2\/posts\/775"}],"collection":[{"href":"https:\/\/correntinoticias.com\/index.php\/wp-json\/wp\/v2\/posts"}],"about":[{"href":"https:\/\/correntinoticias.com\/index.php\/wp-json\/wp\/v2\/types\/post"}],"author":[{"embeddable":true,"href":"https:\/\/correntinoticias.com\/index.php\/wp-json\/wp\/v2\/users\/1"}],"replies":[{"embeddable":true,"href":"https:\/\/correntinoticias.com\/index.php\/wp-json\/wp\/v2\/comments?post=775"}],"version-history":[{"count":1,"href":"https:\/\/correntinoticias.com\/index.php\/wp-json\/wp\/v2\/posts\/775\/revisions"}],"predecessor-version":[{"id":777,"href":"https:\/\/correntinoticias.com\/index.php\/wp-json\/wp\/v2\/posts\/775\/revisions\/777"}],"wp:featuredmedia":[{"embeddable":true,"href":"https:\/\/correntinoticias.com\/index.php\/wp-json\/wp\/v2\/media\/776"}],"wp:attachment":[{"href":"https:\/\/correntinoticias.com\/index.php\/wp-json\/wp\/v2\/media?parent=775"}],"wp:term":[{"taxonomy":"category","embeddable":true,"href":"https:\/\/correntinoticias.com\/index.php\/wp-json\/wp\/v2\/categories?post=775"},{"taxonomy":"post_tag","embeddable":true,"href":"https:\/\/correntinoticias.com\/index.php\/wp-json\/wp\/v2\/tags?post=775"}],"curies":[{"name":"wp","href":"https:\/\/api.w.org\/{rel}","templated":true}]}}