{"id":765,"date":"2024-09-17T12:49:48","date_gmt":"2024-09-17T12:49:48","guid":{"rendered":"https:\/\/correntinoticias.com\/?p=765"},"modified":"2024-09-23T13:01:17","modified_gmt":"2024-09-23T13:01:17","slug":"homicidio-en-el-virgen-de-los-dolores-todos-tenian-antecedentes","status":"publish","type":"post","link":"https:\/\/correntinoticias.com\/index.php\/2024\/09\/17\/homicidio-en-el-virgen-de-los-dolores-todos-tenian-antecedentes\/","title":{"rendered":"HOMICIDIO EN EL VIRGEN DE LOS DOLORES: TODOS TEN\u00cdAN ANTECEDENTES"},"content":{"rendered":"\n<p>En la jornada del lunes se produjo la muerte de un sujeto de apellido Ortiz en el Barrio Virgen de los Dolores y hay un detenido por la Polic\u00eda de Corrientes, de apellido Monz\u00f3n. El jefe de la fuerza relat\u00f3 a Radio Sudamericana que todos los involucrados en el caso tienen antecedentes, principalmente por delitos contra la propiedad. \u00a0<\/p>\n\n\n\n<p>Miguel \u00c1ngel Leguizam\u00f3n, jefe de la Polic\u00eda de Corrientes, habl\u00f3 en Radio Sudamericana del homicidio en el Barrio Virgen de los Dolores en la jornada del lunes, ratific\u00f3 que el fallecido es Leonel Ortiz, mientras que hay un detenido de apellido Monz\u00f3n.<\/p>\n\n\n\n<p>Apunt\u00f3 que desde la noche de este junes se resguard\u00f3 la escena, para prevenir que se alteren pruebas que puedan aportar a la causa y esperan que la justicia determine la orden de allanamiento y secuestro de cosas que sean \u00fatiles a la investigaci\u00f3n.<\/p>\n\n\n\n<p>Leguizam\u00f3n asegur\u00f3 que tanto el fallecido como el supuesto autor del crimen tienen antecedentes policiales, principalmente por delitos contra la propiedad. Record\u00f3 que, en base a datos recolectados, los involucrados ten\u00edan una disputa de vieja data, que saldaron cuando se encontraron en un pasillo cercano al r\u00edo.<\/p>\n\n\n\n<p>El funcionario tambi\u00e9n se\u00f1al\u00f3 que se est\u00e1 buscando un rev\u00f3lver que se habr\u00eda usado para el homicidio de Ortiz.<\/p>\n","protected":false},"excerpt":{"rendered":"<p>En la jornada del lunes se produjo la muerte de un sujeto de apellido Ortiz [&hellip;]<\/p>\n","protected":false},"author":1,"featured_media":766,"comment_status":"open","ping_status":"open","sticky":false,"template":"","format":"standard","meta":{"footnotes":""},"categories":[1],"tags":[],"_links":{"self":[{"href":"https:\/\/correntinoticias.com\/index.php\/wp-json\/wp\/v2\/posts\/765"}],"collection":[{"href":"https:\/\/correntinoticias.com\/index.php\/wp-json\/wp\/v2\/posts"}],"about":[{"href":"https:\/\/correntinoticias.com\/index.php\/wp-json\/wp\/v2\/types\/post"}],"author":[{"embeddable":true,"href":"https:\/\/correntinoticias.com\/index.php\/wp-json\/wp\/v2\/users\/1"}],"replies":[{"embeddable":true,"href":"https:\/\/correntinoticias.com\/index.php\/wp-json\/wp\/v2\/comments?post=765"}],"version-history":[{"count":1,"href":"https:\/\/correntinoticias.com\/index.php\/wp-json\/wp\/v2\/posts\/765\/revisions"}],"predecessor-version":[{"id":767,"href":"https:\/\/correntinoticias.com\/index.php\/wp-json\/wp\/v2\/posts\/765\/revisions\/767"}],"wp:featuredmedia":[{"embeddable":true,"href":"https:\/\/correntinoticias.com\/index.php\/wp-json\/wp\/v2\/media\/766"}],"wp:attachment":[{"href":"https:\/\/correntinoticias.com\/index.php\/wp-json\/wp\/v2\/media?parent=765"}],"wp:term":[{"taxonomy":"category","embeddable":true,"href":"https:\/\/correntinoticias.com\/index.php\/wp-json\/wp\/v2\/categories?post=765"},{"taxonomy":"post_tag","embeddable":true,"href":"https:\/\/correntinoticias.com\/index.php\/wp-json\/wp\/v2\/tags?post=765"}],"curies":[{"name":"wp","href":"https:\/\/api.w.org\/{rel}","templated":true}]}}