{"id":762,"date":"2024-09-17T12:46:11","date_gmt":"2024-09-17T12:46:11","guid":{"rendered":"https:\/\/correntinoticias.com\/?p=762"},"modified":"2024-09-23T13:01:22","modified_gmt":"2024-09-23T13:01:22","slug":"hallaron-dos-embarcaciones-que-fueron-robadas-en-paso-de-la-patria","status":"publish","type":"post","link":"https:\/\/correntinoticias.com\/index.php\/2024\/09\/17\/hallaron-dos-embarcaciones-que-fueron-robadas-en-paso-de-la-patria\/","title":{"rendered":"HALLARON DOS EMBARCACIONES QUE FUERON ROBADAS EN PASO DE LA PATRIA"},"content":{"rendered":"\n<p>Fue mediante un trabajo conjunto de la Polic\u00eda de Corrientes, personal de Prefectura Naval Argentina y la armada de la Rep\u00fablica del Paraguay. Esto permiti\u00f3 recuperar dos embarcaciones que fueron sustra\u00eddas de las costas de Paso de la Patria.<\/p>\n\n\n\n<p>El procedimiento se inici\u00f3 en la madrugada de este martes luego de un intenso trabajo investigaci\u00f3n desplegado en colaboraci\u00f3n con la unidad fiscal interviniente y con la cooperaci\u00f3n de personal de Prefectura Naval Argentina, y fuerza armada de la Rep\u00fablica de Paraguay.<\/p>\n\n\n\n<p>Los distintos trabajos de investigaci\u00f3n dieron inicio el pasado s\u00e1bado 14 de septiembre, luego de tomar conocimiento que de la costa del Rio Paran\u00e1, en Paso de la Patria, dos embarcaciones con sus respectivos motores fuera de borda, habr\u00edan sido robados.<\/p>\n\n\n\n<p>Por este motivo se iniciaron las tareas de investigaci\u00f3n de forma conjunta cuyas labores los llev\u00f3 hasta un camino vecinal distante a unos 3 mil metros del casco urbano de la localidad de Paso de Patria \u2013 Paraguay.<\/p>\n\n\n\n<p>All\u00ed lograron encontrar ambas embarcaciones, constatando que sus matr\u00edculas fueron repintadas.<\/p>\n\n\n\n<p>Al respecto, se puso en conocimiento de la autoridad fiscal interviniente, siendo trasladado a la dependencia policial, donde se prosigue con los tr\u00e1mites del caso.<\/p>\n","protected":false},"excerpt":{"rendered":"<p>Fue mediante un trabajo conjunto de la Polic\u00eda de Corrientes, personal de Prefectura Naval Argentina [&hellip;]<\/p>\n","protected":false},"author":1,"featured_media":763,"comment_status":"open","ping_status":"open","sticky":false,"template":"","format":"standard","meta":{"footnotes":""},"categories":[1],"tags":[],"_links":{"self":[{"href":"https:\/\/correntinoticias.com\/index.php\/wp-json\/wp\/v2\/posts\/762"}],"collection":[{"href":"https:\/\/correntinoticias.com\/index.php\/wp-json\/wp\/v2\/posts"}],"about":[{"href":"https:\/\/correntinoticias.com\/index.php\/wp-json\/wp\/v2\/types\/post"}],"author":[{"embeddable":true,"href":"https:\/\/correntinoticias.com\/index.php\/wp-json\/wp\/v2\/users\/1"}],"replies":[{"embeddable":true,"href":"https:\/\/correntinoticias.com\/index.php\/wp-json\/wp\/v2\/comments?post=762"}],"version-history":[{"count":1,"href":"https:\/\/correntinoticias.com\/index.php\/wp-json\/wp\/v2\/posts\/762\/revisions"}],"predecessor-version":[{"id":764,"href":"https:\/\/correntinoticias.com\/index.php\/wp-json\/wp\/v2\/posts\/762\/revisions\/764"}],"wp:featuredmedia":[{"embeddable":true,"href":"https:\/\/correntinoticias.com\/index.php\/wp-json\/wp\/v2\/media\/763"}],"wp:attachment":[{"href":"https:\/\/correntinoticias.com\/index.php\/wp-json\/wp\/v2\/media?parent=762"}],"wp:term":[{"taxonomy":"category","embeddable":true,"href":"https:\/\/correntinoticias.com\/index.php\/wp-json\/wp\/v2\/categories?post=762"},{"taxonomy":"post_tag","embeddable":true,"href":"https:\/\/correntinoticias.com\/index.php\/wp-json\/wp\/v2\/tags?post=762"}],"curies":[{"name":"wp","href":"https:\/\/api.w.org\/{rel}","templated":true}]}}