{"id":756,"date":"2024-09-17T12:36:27","date_gmt":"2024-09-17T12:36:27","guid":{"rendered":"https:\/\/correntinoticias.com\/?p=756"},"modified":"2024-09-23T13:01:43","modified_gmt":"2024-09-23T13:01:43","slug":"morena-rial-denuncio-que-fue-victima-de-mala-praxis-no-todo-es-color-de-rosa","status":"publish","type":"post","link":"https:\/\/correntinoticias.com\/index.php\/2024\/09\/17\/morena-rial-denuncio-que-fue-victima-de-mala-praxis-no-todo-es-color-de-rosa\/","title":{"rendered":"MORENA RIAL DENUNCI\u00d3 QUE FUE V\u00cdCTIMA DE MALA PRAXIS: &#8220;NO TODO ES COLOR DE ROSA&#8221;1"},"content":{"rendered":"\n<p>La medi\u00e1tica, que transita el \u00faltimo tramo de su embarazo, preocup\u00f3 a sus seguidores con un mensaje en redes sociales.<\/p>\n\n\n\n<p>Morena Rial&nbsp;denunci\u00f3 que fue v\u00edctima de mala praxis- \u201cNo todo es color de rosa\u201d, expuso en su cuenta de Instagram.&nbsp;El mensaje de la influencer, que transita el \u00faltimo tramo de su embarazo, preocup\u00f3 a sus seguidores.<\/p>\n\n\n\n<p>La hija de Jorge Rial suele compartir su d\u00eda a d\u00eda en redes sociales donde habla de su presente, realiza acciones comerciales con distintas marcas y responde a las consultas de su m\u00e1s de un mill\u00f3n de seguidores.<\/p>\n\n\n\n<p>En las \u00faltimas horas, habilit\u00f3 una caja de preguntas para que le consultaran lo que quisiera y fue entonces que una usuaria quiso saber:&nbsp;\u201cPor qu\u00e9 te enojaste con&#8230; No s\u00e9 si operarme porque confiaba en tu recomendaci\u00f3n y ahora&#8230;\u201d.<\/p>\n\n\n\n<p>Morena opt\u00f3 por responder, pero no quiso revelar el nombre del profesional en cuesti\u00f3n. \u201cYa contar\u00e9 mis motivos.\u00a0Con el tiempo la mala praxis s\u00ed se puede ver. No todo es color de rosa.\u00a0En principio todo bonito hasta que&#8230;\u00a0no s\u00e9 si puedo hablar tanto del tema. Ya pronto les contar\u00e9 el por qu\u00e9 de mis decisiones\u201d.<\/p>\n\n\n\n<p>D\u00edas atr\u00e1s, a la influencer le hab\u00edan pedido referencias de uno de los m\u00e9dicos que la atendi\u00f3.\u00a0\u201cCobra caro, y tampoco es que es el mejor. Hay mejores y que hacen todo bien\u201d, escribi\u00f3 cubriendo con emojis de corazones el nombre del profesional.<\/p>\n\n\n\n<p>En enero de 2022, el cirujano pl\u00e1stico Diego Ordenes&nbsp;explic\u00f3 que&nbsp;More Rial ten\u00eda cirug\u00edas previas, y que tuvo que descenderle la cicatriz anterior para que la pueda ocultar con la ropa interior.<\/p>\n\n\n\n<p>\u201cEl ombligo lo mejoramos est\u00e9ticamente para que luzca mejor y ah\u00ed tratamos varias zonas con un ultrasonido que genera un poco de retracci\u00f3n en los tejidos para que queden m\u00e1s pegados al cuerpo\u201d, agreg\u00f3 en la misma nota.<\/p>\n\n\n\n<p>Por \u00faltimo, aclar\u00f3 que tanto Morena como las otras pacientes que atendi\u00f3 deber\u00e1n hacer actividad f\u00edsica de por vida. \u201cHay que hacerlo para estar bien por dentro y lucir bien por fuera. Te complementa en la salud y est\u00e9tica\u201d, cerr\u00f3.<\/p>\n\n\n\n<p>En septiembre de 2021, la joven se anim\u00f3 a publicar im\u00e1genes de su cambio y dej\u00f3 a todos sin palabras.\u00a0Sin embargo, lo que m\u00e1s impact\u00f3 fue el extenso comentario que dej\u00f3 junto a las fotos, donde intent\u00f3 exponer sus momentos m\u00e1s angustiantes por\u00a0no ser aceptada como era.<\/p>\n\n\n\n<p>\u201cPuedo observarme pasando frente a un espejo sin agachar la mirada, me celebro posando en una foto grupal sin sentir la necesidad de esconderme detr\u00e1s de alguien. Me abrazo todas esas veces que sonr\u00edo al ver una foto m\u00eda en lugar de llorar. S\u00ed, suced\u00eda. Lo hac\u00eda. Posiblemente crecer tenga que ver con ser m\u00e1s fuerte, aunque me gusta darme el m\u00e9rito por eso. Ni los dem\u00e1s ni los a\u00f1os ni el tiempo\u2026 fui yo.\u00a0Fui yo queri\u00e9ndome sentir mejor,\u00a0fui yo peleando conmigo misma.\u00a0Fui yo luchando por poder conseguir aceptarme. Porque un d\u00eda me grit\u00e9 tanto, me insult\u00e9 tanto, que pens\u00e9 ese era el fondo de mi pozo\u201d, comenz\u00f3 relatando.<\/p>\n","protected":false},"excerpt":{"rendered":"<p>La medi\u00e1tica, que transita el \u00faltimo tramo de su embarazo, preocup\u00f3 a sus seguidores con [&hellip;]<\/p>\n","protected":false},"author":1,"featured_media":757,"comment_status":"open","ping_status":"open","sticky":false,"template":"","format":"standard","meta":{"footnotes":""},"categories":[1],"tags":[],"_links":{"self":[{"href":"https:\/\/correntinoticias.com\/index.php\/wp-json\/wp\/v2\/posts\/756"}],"collection":[{"href":"https:\/\/correntinoticias.com\/index.php\/wp-json\/wp\/v2\/posts"}],"about":[{"href":"https:\/\/correntinoticias.com\/index.php\/wp-json\/wp\/v2\/types\/post"}],"author":[{"embeddable":true,"href":"https:\/\/correntinoticias.com\/index.php\/wp-json\/wp\/v2\/users\/1"}],"replies":[{"embeddable":true,"href":"https:\/\/correntinoticias.com\/index.php\/wp-json\/wp\/v2\/comments?post=756"}],"version-history":[{"count":2,"href":"https:\/\/correntinoticias.com\/index.php\/wp-json\/wp\/v2\/posts\/756\/revisions"}],"predecessor-version":[{"id":771,"href":"https:\/\/correntinoticias.com\/index.php\/wp-json\/wp\/v2\/posts\/756\/revisions\/771"}],"wp:featuredmedia":[{"embeddable":true,"href":"https:\/\/correntinoticias.com\/index.php\/wp-json\/wp\/v2\/media\/757"}],"wp:attachment":[{"href":"https:\/\/correntinoticias.com\/index.php\/wp-json\/wp\/v2\/media?parent=756"}],"wp:term":[{"taxonomy":"category","embeddable":true,"href":"https:\/\/correntinoticias.com\/index.php\/wp-json\/wp\/v2\/categories?post=756"},{"taxonomy":"post_tag","embeddable":true,"href":"https:\/\/correntinoticias.com\/index.php\/wp-json\/wp\/v2\/tags?post=756"}],"curies":[{"name":"wp","href":"https:\/\/api.w.org\/{rel}","templated":true}]}}