{"id":753,"date":"2024-09-17T12:27:03","date_gmt":"2024-09-17T12:27:03","guid":{"rendered":"https:\/\/correntinoticias.com\/?p=753"},"modified":"2024-09-23T13:01:52","modified_gmt":"2024-09-23T13:01:52","slug":"un-micro-que-iba-a-machu-picchu-volco-hay-dos-argentinos-heridos","status":"publish","type":"post","link":"https:\/\/correntinoticias.com\/index.php\/2024\/09\/17\/un-micro-que-iba-a-machu-picchu-volco-hay-dos-argentinos-heridos\/","title":{"rendered":"UN MICRO QUE IBA A MACHU PICCHU VOLC\u00d3: HAY DOS ARGENTINOS HERIDOS"},"content":{"rendered":"\n<p>En total 20 personas sufrieron heridas. Los dos argentinos afectados fueron internados en un hospital de Cusco y est\u00e1n fuera de peligro. C\u00f3mo fue el accidente.<\/p>\n\n\n\n<p>Dos turistas argentinos resultaron heridos este lunes cuando desbarranc\u00f3 el micro en el que viajaban hacia las ruinas de Macchu Pichu, en el sur del Per\u00fa. Se trata de un hombre y una mujer. Su estado&nbsp;no reviste gravedad, dijeron a&nbsp;TN&nbsp;fuentes oficiales. Los dos fueron trasladados e internados en un hospital de Cusco. El accidente dej\u00f3 un total de 20 heridos.<\/p>\n\n\n\n<p>El autob\u00fas accidentado transportaba turistas desde la localidad de Aguas Calientes hacia las ruinas de Machu Picchu, inform\u00f3 la televisi\u00f3n estatal\u00a0TV Per\u00fa.<\/p>\n\n\n\n<p>Seg\u00fan las im\u00e1genes difundidas por la prensa local, el bus cay\u00f3 por una pendiente de unos 15 metros de altura. Personal de la empresa due\u00f1a del veh\u00edculo, vecinos y polic\u00edas intentaron detenerlo para evitar que siguiera descendiendo.<\/p>\n\n\n\n<p>Testigos relataron que el conductor se despist\u00f3 debido a la neblina en la zona en la que tambi\u00e9n hab\u00eda un derrumbe de piedras provocado por las fuertes lluvias. El veh\u00edculo, propiedad de la empresa Consettur Machupicchu S.A.C., se encarga de cubrir la ruta Hiram Bingham, que va del pueblo de Aguas Calientes hasta la ciudadela inca, ubicada en lo alto de una monta\u00f1a.<\/p>\n\n\n\n<p>El seguro social de salud EsSalud inform\u00f3 en la red social X que los profesionales de salud del Centro M\u00e9dico I-2 Machupicchu, de la Red Cusco, brindaron atenci\u00f3n oportuna a cinco personas que sufrieron policontusiones tras el accidente del bus tur\u00edstico.<\/p>\n\n\n\n<p>\u201dLos pacientes fueron estabilizados y dados de alta\u201d, indic\u00f3. La secretaria de Relaciones Exteriores de M\u00e9xico,\u00a0Sandra B\u00e1rcena, inform\u00f3 en la misma red social que entre los heridos hay un grupo de turistas mexicanos.<\/p>\n\n\n\n<p>Se trata de cuatro personas que sufrieron fracturas.<\/p>\n\n\n\n<p>En el veh\u00edculo viajaban 32 pasajeros de diversas nacionalidades, entre ellos chinos, italianos, mexicanos, guatemaltecos, argentinos, brasile\u00f1os, chilenos y dos gu\u00edas tur\u00edsticos peruanos.<\/p>\n","protected":false},"excerpt":{"rendered":"<p>En total 20 personas sufrieron heridas. Los dos argentinos afectados fueron internados en un hospital [&hellip;]<\/p>\n","protected":false},"author":1,"featured_media":754,"comment_status":"open","ping_status":"open","sticky":false,"template":"","format":"standard","meta":{"footnotes":""},"categories":[1],"tags":[],"_links":{"self":[{"href":"https:\/\/correntinoticias.com\/index.php\/wp-json\/wp\/v2\/posts\/753"}],"collection":[{"href":"https:\/\/correntinoticias.com\/index.php\/wp-json\/wp\/v2\/posts"}],"about":[{"href":"https:\/\/correntinoticias.com\/index.php\/wp-json\/wp\/v2\/types\/post"}],"author":[{"embeddable":true,"href":"https:\/\/correntinoticias.com\/index.php\/wp-json\/wp\/v2\/users\/1"}],"replies":[{"embeddable":true,"href":"https:\/\/correntinoticias.com\/index.php\/wp-json\/wp\/v2\/comments?post=753"}],"version-history":[{"count":1,"href":"https:\/\/correntinoticias.com\/index.php\/wp-json\/wp\/v2\/posts\/753\/revisions"}],"predecessor-version":[{"id":755,"href":"https:\/\/correntinoticias.com\/index.php\/wp-json\/wp\/v2\/posts\/753\/revisions\/755"}],"wp:featuredmedia":[{"embeddable":true,"href":"https:\/\/correntinoticias.com\/index.php\/wp-json\/wp\/v2\/media\/754"}],"wp:attachment":[{"href":"https:\/\/correntinoticias.com\/index.php\/wp-json\/wp\/v2\/media?parent=753"}],"wp:term":[{"taxonomy":"category","embeddable":true,"href":"https:\/\/correntinoticias.com\/index.php\/wp-json\/wp\/v2\/categories?post=753"},{"taxonomy":"post_tag","embeddable":true,"href":"https:\/\/correntinoticias.com\/index.php\/wp-json\/wp\/v2\/tags?post=753"}],"curies":[{"name":"wp","href":"https:\/\/api.w.org\/{rel}","templated":true}]}}