{"id":745,"date":"2024-08-21T03:46:34","date_gmt":"2024-08-21T03:46:34","guid":{"rendered":"https:\/\/correntinoticias.com\/?p=745"},"modified":"2024-08-21T03:46:34","modified_gmt":"2024-08-21T03:46:34","slug":"no-hay-chance-de-saber-si-la-sangre-encontrada-era-de-loan-pena","status":"publish","type":"post","link":"https:\/\/correntinoticias.com\/index.php\/2024\/08\/21\/no-hay-chance-de-saber-si-la-sangre-encontrada-era-de-loan-pena\/","title":{"rendered":"NO HAY CHANCE DE SABER SI LA SANGRE ENCONTRADA ERA DE LOAN PE\u00d1A"},"content":{"rendered":"\n<p>El primer an\u00e1lisis hab\u00eda sido negativo y se pidi\u00f3 analizar nuevamente. Sin embargo, el Instituto M\u00e9dico Forense de la provincia de Corrientes \u201ctampoco logr\u00f3\u00a0encontrar material gen\u00e9tico en cantidad suficiente como para efectuar ulteriores cotejos\u201d.<\/p>\n\n\n\n<p>La primera pericia al rastro hem\u00e1tico levantado de la rueda de la&nbsp;Ford Ranger blanca&nbsp;del capit\u00e1n de nav\u00edo (RE)&nbsp;Carlos P\u00e9rez&nbsp;dio que se trataba de&nbsp;sangre humana&nbsp;y que el perfil gen\u00e9tico era&nbsp;masculino, pero que no correspond\u00eda a&nbsp;Loan Danilo P\u00e9rez, el nene desaparecido en el paraje&nbsp;Algarrobal&nbsp;de Corrientes desde el 13 de junio pasado. Entonces,&nbsp;<strong>se pidi\u00f3 repetir el an\u00e1lisis: la respuesta fue frustrante para los investigadores.<\/strong><\/p>\n\n\n\n<p>Ya no&nbsp;hay chance de saber&nbsp;si esa evidencia hallada en la camioneta del detenido era del ni\u00f1o de 5 a\u00f1os, explicaron fuentes del caso a&nbsp;Infobae.<\/p>\n\n\n\n<p>Se trata de la muestra del guardabarros delantero derecho de la que se hab\u00eda&nbsp;logrado aislar&nbsp;<strong>un perfil completo masculino,&nbsp;que no coincid\u00eda con el de Loan.<\/strong>&nbsp;\u201cEl material vuelto a peritar por el Instituto M\u00e9dico Forense de la provincia de Corrientes, perteneciente a la Ford Ranger citada,&nbsp;tampoco logr\u00f3 encontrar material gen\u00e9tico en cantidad suficiente como para efectuar ulteriores cotejos\u201d, detallaron las fuentes consultadas por este medio.<\/p>\n\n\n\n<p>Y agregaron que \u201cen las restantes muestras enviadas a la Divisi\u00f3n Laboratorio Qu\u00edmico\u00a0no se hall\u00f3 material gen\u00e9tico en cantidad suficiente para ser utilizada\u201d.<\/p>\n\n\n\n<p>\u00bfPor qu\u00e9 puede ocurrir esto?&nbsp;\u201cEl ADN de la sangre se obtiene de los gl\u00f3bulos blancos y no de los gl\u00f3bulos rojos, que son los que reaccionan al&nbsp;Blue Star.&nbsp;<strong>La baja presencia de gl\u00f3bulos blancos en comparaci\u00f3n con los gl\u00f3bulos rojos&nbsp;dificulta el trabajo gen\u00e9tico sobre este tipo de materiales\u201d<\/strong>, respondieron a la pregunta a los investigadores del Comando Unificado del Ministerio de Seguridad de la Naci\u00f3n.<\/p>\n\n\n\n<p>Y, entonces,&nbsp;qu\u00e9 significa esto en la causa:&nbsp;Que&nbsp;la primera pericia&nbsp;al rastro hallado en el guardabarros de la camioneta&nbsp;fue la \u00fanica que se pudo completar&nbsp;y dio negativo, y ya no hay chance de saber si estuvo bien o mal hecha. Y tampoco hay posibilidad de cotejar las otras muestras.<\/p>\n\n\n\n<p>El\u00a0resultado del cotejo de ADN\u00a0masculino a la Ford Ranger se obtuvo el pasado 13 de julio. Fue un golpe a la teor\u00eda del accidente que hab\u00eda introduc<\/p>\n\n\n\n<p>Lo que sigue sin respuestas es qu\u00e9 hac\u00eda una mancha de sangre de un hombre en el guardabarros de un veh\u00edculo de uno de los detenidos.<\/p>\n\n\n\n<p>Malas noticias<\/p>\n\n\n\n<p>Mientras tanto, otro de los detenidos que recibi\u00f3 una mala noticia fue el ex comisario&nbsp;Walter Maciel. \u201cNo se hizo lugar al pedido de excarcelaci\u00f3n\u201d&nbsp;que hab\u00eda hecho cuando era patrocinado por una defensora oficial, dijeron fuentes del caso.<\/p>\n\n\n\n<p>Incluso, no bien asumi\u00f3 la defensa del ex comisario,\u00a0Miguel \u00c1ngel Pierri\u00a0le hab\u00eda comentado a este medio que \u201cno\u201d iba a seguir adelante con ese planteo ante la C\u00e1mara Federal de Corrientes, que a\u00fan no se expidi\u00f3.<\/p>\n\n\n\n<h2 class=\"wp-block-heading\"><strong>El caso<\/strong><\/h2>\n\n\n\n<p>Loan Danilo Pe\u00f1a\u00a0desapareci\u00f3 el 13 de junio despu\u00e9s de un almuerzo en la casa de su abuela en el paraje Algarrobal. La investigaci\u00f3n est\u00e1 a cargo de los fiscales\u00a0Mariano de Guzm\u00e1n, Mar\u00eda Alejandra Mangano y Marcelo Colombo. Hasta el momento,\u00a0<strong>no hay pistas firmes que ayuden a encontrar al menor de 5 a\u00f1os.<\/strong><\/p>\n\n\n\n<p>Lo cierto es que por el caso ya hay siete detenidos y ocho imputados:&nbsp;Bernardino Antonio Ben\u00edtez, t\u00edo de Loan y esposo de Laudelina;&nbsp;Daniel \u201cFierrito\u201d Ram\u00edrez y M\u00f3nica Millapi, pareja amiga de Ben\u00edtez;&nbsp;Mar\u00eda Victoria Caillava y Carlos P\u00e9rez, el matrimonio conformado por la ex funcionaria municipal y el capit\u00e1n de nav\u00edo retirado;&nbsp;Walter Adri\u00e1n Maciel, el comisario que estuvo a cargo del operativo de b\u00fasqueda en un primer momento; y&nbsp;Laudelina Pe\u00f1a, t\u00eda de Loan.<\/p>\n\n\n\n<p>En tanto, el ex polic\u00eda&nbsp;Francisco Amado M\u00e9ndez&nbsp;fue liberado, pero sigue investigado.<\/p>\n\n\n\n<p><a href=\"https:\/\/www.radiosudamericana.com\/notix\/multimedia\/imagenes\/fotos\/2024-08-20\/688364.png\"><\/a><\/p>\n","protected":false},"excerpt":{"rendered":"<p>El primer an\u00e1lisis hab\u00eda sido negativo y se pidi\u00f3 analizar nuevamente. Sin embargo, el Instituto [&hellip;]<\/p>\n","protected":false},"author":1,"featured_media":746,"comment_status":"open","ping_status":"open","sticky":false,"template":"","format":"standard","meta":{"footnotes":""},"categories":[1],"tags":[],"_links":{"self":[{"href":"https:\/\/correntinoticias.com\/index.php\/wp-json\/wp\/v2\/posts\/745"}],"collection":[{"href":"https:\/\/correntinoticias.com\/index.php\/wp-json\/wp\/v2\/posts"}],"about":[{"href":"https:\/\/correntinoticias.com\/index.php\/wp-json\/wp\/v2\/types\/post"}],"author":[{"embeddable":true,"href":"https:\/\/correntinoticias.com\/index.php\/wp-json\/wp\/v2\/users\/1"}],"replies":[{"embeddable":true,"href":"https:\/\/correntinoticias.com\/index.php\/wp-json\/wp\/v2\/comments?post=745"}],"version-history":[{"count":1,"href":"https:\/\/correntinoticias.com\/index.php\/wp-json\/wp\/v2\/posts\/745\/revisions"}],"predecessor-version":[{"id":747,"href":"https:\/\/correntinoticias.com\/index.php\/wp-json\/wp\/v2\/posts\/745\/revisions\/747"}],"wp:featuredmedia":[{"embeddable":true,"href":"https:\/\/correntinoticias.com\/index.php\/wp-json\/wp\/v2\/media\/746"}],"wp:attachment":[{"href":"https:\/\/correntinoticias.com\/index.php\/wp-json\/wp\/v2\/media?parent=745"}],"wp:term":[{"taxonomy":"category","embeddable":true,"href":"https:\/\/correntinoticias.com\/index.php\/wp-json\/wp\/v2\/categories?post=745"},{"taxonomy":"post_tag","embeddable":true,"href":"https:\/\/correntinoticias.com\/index.php\/wp-json\/wp\/v2\/tags?post=745"}],"curies":[{"name":"wp","href":"https:\/\/api.w.org\/{rel}","templated":true}]}}