{"id":742,"date":"2024-08-21T03:42:51","date_gmt":"2024-08-21T03:42:51","guid":{"rendered":"https:\/\/correntinoticias.com\/?p=742"},"modified":"2024-08-21T03:42:51","modified_gmt":"2024-08-21T03:42:51","slug":"gustavo-briend-podria-dejar-la-causa-de-cecilia-strzyzwoski","status":"publish","type":"post","link":"https:\/\/correntinoticias.com\/index.php\/2024\/08\/21\/gustavo-briend-podria-dejar-la-causa-de-cecilia-strzyzwoski\/","title":{"rendered":"GUSTAVO BRIEND PODR\u00cdA DEJAR LA CAUSA DE CECILIA STRZYZWOSKI"},"content":{"rendered":"\n<p>La C\u00e1mara de Apelaciones en lo Criminal de Resistencia resolvi\u00f3 que Emerenciano Sena y Marcela Acu\u00f1a sean juzgados como &#8220;part\u00edcipes necesarios&#8221; en lugar de coautores del femicidio de Cecilia Strzyzwoski. Ante esta decisi\u00f3n, Gloria Romero, mam\u00e1 de la v\u00edctima, habr\u00eda insinuado a su abogado a que se retire de la querella.<\/p>\n\n\n\n<p>La C\u00e1mara de Apelaciones resolvi\u00f3 que Emerenciano Sena y Marcela Acu\u00f1a ser\u00e1n juzgados como &#8220;part\u00edcipes necesarios&#8221; y no como &#8220;coautores&#8221; del crimen, como inicialmente hab\u00eda sido solicitado por la querella y el Estado provincial. Seg\u00fan se\u00f1al\u00f3 Gustavo Briend a Canal 5TV, que respecto de la pena es la misma, tanto para el autor, coautor y el part\u00edcipe primario.<\/p>\n\n\n\n<p>Pero tambi\u00e9n, adhirieron al requerimiento inicial que hizo el equipo fiscal, donde entend\u00edan que ten\u00edan que ser juzgados en calidad de part\u00edcipes primarios: &nbsp;\u201cExplicamos los motivos por los cuales los consider\u00e1bamos coautores. Nos hicieron lugar en ese momento y contra esa resoluci\u00f3n apel\u00f3 el equipo fiscal y es esa la resoluci\u00f3n que la C\u00e1mara de Apelaciones en lo Criminal de Resistencia ha resuelto a que las cosas vuelvan como lo ha requerido el equipo fiscal\u201d.<\/p>\n\n\n\n<p>El abogado tambi\u00e9n detall\u00f3: \u201cNo hay diferencia con respecto a la pena, s\u00ed respecto a la valoraci\u00f3n de la participaci\u00f3n de cada uno en el hecho. Entendimos que estas personas participaron directamente del homicidio en calidad de coautores y ahora vamos a decidir si lo dejamos como est\u00e1 o intercedemos recurso de casaci\u00f3n\u201d.<\/p>\n\n\n\n<h2 class=\"wp-block-heading\"><strong>El impacto para la mam\u00e1 de Cecilia<\/strong><\/h2>\n\n\n\n<p>Gloria Romero, madre de la v\u00edctima, se vio afectada por esta resoluci\u00f3n. Briend mencion\u00f3: \u201cEst\u00e1 muy mal, porque coincide con el episodio que ocurri\u00f3 con su otra hija con el accidente que tuvieron con su custodio. Sumado a esto, hoy explot\u00f3 en sus redes con toda su vehemencia y habl\u00f3 conmigo y me instruy\u00f3 a que pr\u00e1cticamente desista de la querella y me retire de la causa. Es un tema que lo vamos a charlar ma\u00f1ana o pasado y vamos a actuar en consecuencia\u201d.<\/p>\n\n\n\n<h2 class=\"wp-block-heading\"><strong>Estado actual de la causa<\/strong><\/h2>\n\n\n\n<p>Briend coment\u00f3: \u201cEstamos con el requerimiento de la elevaci\u00f3n a juicio para saber si queda o no firme. Reci\u00e9n se resolvi\u00f3, pendiente desde abril, por la C\u00e1mara. Todo eso va sumando y Gloria est\u00e1 desgastada porque no entiende mucho estas cuestiones t\u00e9cnicas; explot\u00f3 y no quiere saber m\u00e1s nada con nadie. Vamos a esperar a que se enfr\u00ede todo\u201d.<\/p>\n\n\n\n<p>En cuanto a los otros detenidos en la causa, el abogado se\u00f1al\u00f3: \u201cTodos est\u00e1n presos, se han presentado numerosos planteos para morigerar su libertad, pero todo ha sido rechazado. Lo que queda ahora es el sorteo del juez t\u00e9cnico para que empecemos con las audiencias preliminares previas al juicio por jurados. Pero para llegar a eso, tenemos que lograr que la resoluci\u00f3n quede firme\u201d.<\/p>\n\n\n\n<p>Finalmente, Briend agreg\u00f3 que, por estrategia, la defensa probablemente acatar\u00e1 el fallo y se dirigir\u00e1 al Superior Tribunal de Justicia (STJ). \u201cUna vez resuelto por el STJ, vamos a empezar con el sorteo del juez t\u00e9cnico y las audiencias preliminares. Estimo que para principios del a\u00f1o que viene podr\u00eda empezar el juicio\u201d.<\/p>\n","protected":false},"excerpt":{"rendered":"<p>La C\u00e1mara de Apelaciones en lo Criminal de Resistencia resolvi\u00f3 que Emerenciano Sena y Marcela [&hellip;]<\/p>\n","protected":false},"author":1,"featured_media":743,"comment_status":"open","ping_status":"open","sticky":false,"template":"","format":"standard","meta":{"footnotes":""},"categories":[1],"tags":[],"_links":{"self":[{"href":"https:\/\/correntinoticias.com\/index.php\/wp-json\/wp\/v2\/posts\/742"}],"collection":[{"href":"https:\/\/correntinoticias.com\/index.php\/wp-json\/wp\/v2\/posts"}],"about":[{"href":"https:\/\/correntinoticias.com\/index.php\/wp-json\/wp\/v2\/types\/post"}],"author":[{"embeddable":true,"href":"https:\/\/correntinoticias.com\/index.php\/wp-json\/wp\/v2\/users\/1"}],"replies":[{"embeddable":true,"href":"https:\/\/correntinoticias.com\/index.php\/wp-json\/wp\/v2\/comments?post=742"}],"version-history":[{"count":1,"href":"https:\/\/correntinoticias.com\/index.php\/wp-json\/wp\/v2\/posts\/742\/revisions"}],"predecessor-version":[{"id":744,"href":"https:\/\/correntinoticias.com\/index.php\/wp-json\/wp\/v2\/posts\/742\/revisions\/744"}],"wp:featuredmedia":[{"embeddable":true,"href":"https:\/\/correntinoticias.com\/index.php\/wp-json\/wp\/v2\/media\/743"}],"wp:attachment":[{"href":"https:\/\/correntinoticias.com\/index.php\/wp-json\/wp\/v2\/media?parent=742"}],"wp:term":[{"taxonomy":"category","embeddable":true,"href":"https:\/\/correntinoticias.com\/index.php\/wp-json\/wp\/v2\/categories?post=742"},{"taxonomy":"post_tag","embeddable":true,"href":"https:\/\/correntinoticias.com\/index.php\/wp-json\/wp\/v2\/tags?post=742"}],"curies":[{"name":"wp","href":"https:\/\/api.w.org\/{rel}","templated":true}]}}