{"id":736,"date":"2024-08-21T03:33:42","date_gmt":"2024-08-21T03:33:42","guid":{"rendered":"https:\/\/correntinoticias.com\/?p=736"},"modified":"2024-08-21T03:33:42","modified_gmt":"2024-08-21T03:33:42","slug":"tragedia-en-la-cruz-joven-de-26-anos-cayo-del-caballo-y-murio","status":"publish","type":"post","link":"https:\/\/correntinoticias.com\/index.php\/2024\/08\/21\/tragedia-en-la-cruz-joven-de-26-anos-cayo-del-caballo-y-murio\/","title":{"rendered":"TRAGEDIA EN LA CRUZ: JOVEN DE 26 A\u00d1OS CAY\u00d3 DEL CABALLO Y MURI\u00d3"},"content":{"rendered":"\n<p>Un joven perdi\u00f3 la vida en el Paraje Alenque, La Cruz, en circunstancias que a\u00fan est\u00e1n siendo investigadas. Seg\u00fan las primeras informaciones, el joven cay\u00f3 de un caballo mientras arreaba ganado, lo que provoc\u00f3 su muerte.<\/p>\n\n\n\n<p>Seg\u00fan las primeras averiguaciones realizadas por los efectivos policiales, el hecho ocurri\u00f3 en la tarde noche de este lunes, cuando el joven, que estaba montado en un caballo arreando ganado,&nbsp;<strong>cay\u00f3 del caballo y muri\u00f3 en el momento.<\/strong><\/p>\n\n\n\n<p>El cuerpo de la v\u00edctima fue trasladado al Hospital San Jos\u00e9 de Paso de los Libres, donde se confirm\u00f3 su fallecimiento. Actualmente, se est\u00e1n llevando a cabo diversas diligencias para esclarecer las circunstancias exactas del suceso.<\/p>\n","protected":false},"excerpt":{"rendered":"<p>Un joven perdi\u00f3 la vida en el Paraje Alenque, La Cruz, en circunstancias que a\u00fan [&hellip;]<\/p>\n","protected":false},"author":1,"featured_media":737,"comment_status":"open","ping_status":"open","sticky":false,"template":"","format":"standard","meta":{"footnotes":""},"categories":[1],"tags":[],"_links":{"self":[{"href":"https:\/\/correntinoticias.com\/index.php\/wp-json\/wp\/v2\/posts\/736"}],"collection":[{"href":"https:\/\/correntinoticias.com\/index.php\/wp-json\/wp\/v2\/posts"}],"about":[{"href":"https:\/\/correntinoticias.com\/index.php\/wp-json\/wp\/v2\/types\/post"}],"author":[{"embeddable":true,"href":"https:\/\/correntinoticias.com\/index.php\/wp-json\/wp\/v2\/users\/1"}],"replies":[{"embeddable":true,"href":"https:\/\/correntinoticias.com\/index.php\/wp-json\/wp\/v2\/comments?post=736"}],"version-history":[{"count":1,"href":"https:\/\/correntinoticias.com\/index.php\/wp-json\/wp\/v2\/posts\/736\/revisions"}],"predecessor-version":[{"id":738,"href":"https:\/\/correntinoticias.com\/index.php\/wp-json\/wp\/v2\/posts\/736\/revisions\/738"}],"wp:featuredmedia":[{"embeddable":true,"href":"https:\/\/correntinoticias.com\/index.php\/wp-json\/wp\/v2\/media\/737"}],"wp:attachment":[{"href":"https:\/\/correntinoticias.com\/index.php\/wp-json\/wp\/v2\/media?parent=736"}],"wp:term":[{"taxonomy":"category","embeddable":true,"href":"https:\/\/correntinoticias.com\/index.php\/wp-json\/wp\/v2\/categories?post=736"},{"taxonomy":"post_tag","embeddable":true,"href":"https:\/\/correntinoticias.com\/index.php\/wp-json\/wp\/v2\/tags?post=736"}],"curies":[{"name":"wp","href":"https:\/\/api.w.org\/{rel}","templated":true}]}}