{"id":733,"date":"2024-08-21T03:32:19","date_gmt":"2024-08-21T03:32:19","guid":{"rendered":"https:\/\/correntinoticias.com\/?p=733"},"modified":"2024-08-21T03:32:20","modified_gmt":"2024-08-21T03:32:20","slug":"como-ingreso-el-misterioso-americano-al-hotel-donde-estaba-macarena","status":"publish","type":"post","link":"https:\/\/correntinoticias.com\/index.php\/2024\/08\/21\/como-ingreso-el-misterioso-americano-al-hotel-donde-estaba-macarena\/","title":{"rendered":"\u00bfC\u00d3MO INGRES\u00d3 EL MISTERIOSO &#8220;AMERICANO&#8221; AL HOTEL DONDE ESTABA MACARENA?"},"content":{"rendered":"\n<p>La falta de informaci\u00f3n clara y las m\u00faltiples identidades falsas del individuo han generado un ambiente de incertidumbre en torno a la desaparici\u00f3n de Loan Danilo Pe\u00f1a.<\/p>\n\n\n\n<p>La b\u00fasqueda de Loan Danilo Pe\u00f1a, el ni\u00f1o de 5 a\u00f1os que desapareci\u00f3 hace m\u00e1s de dos meses en el paraje Algarrobal, contin\u00faa siendo un enigma para las autoridades y la comunidad de 9 de Julio. El peque\u00f1o, oriundo de Corrientes, fue visto por \u00faltima vez el 13 de junio durante un almuerzo en la casa de su abuela en la mencionada localidad.<\/p>\n\n\n\n<p>Recientemente, el propietario del Hotel Hospedaje de 9 de Julio, Ra\u00fal Alfredo Bocanegra, ha declarado ante el Juzgado Federal en Goya, presidido por la Dra. Cristina Pozzer Penzo, sobre un enigm\u00e1tico individuo que se aloj\u00f3 en su establecimiento.<\/p>\n\n\n\n<p>Este &nbsp;misterioso hombre, apodado \u201cEl Americano\u201d, est\u00e1 en la mira ya que a algunos pobladores les dijo tener diversos roles como investigador de Interpol, periodista, abogado y miembro de una ONG, generando confusi\u00f3n y sospechas entre los vecinos.<\/p>\n\n\n\n<p>El propietario del hotel relat\u00f3 que el \u201cAmericano\u201d estuvo quedandose en su hotel y&nbsp;hab\u00eda hablado en un dialecto que mezclaba ingl\u00e9s y espa\u00f1ol, lo que levant\u00f3 dudas sobre su verdadera identidad.<\/p>\n\n\n\n<p>Bocanegra tambi\u00e9n explic\u00f3 que, al intentar verificar la afiliaci\u00f3n del individuo con la ONG mencionada, descubri\u00f3 que los miembros de la organizaci\u00f3n desconoc\u00edan al hombre en cuesti\u00f3n. &#8220;Hasta ese momento yo no le hab\u00eda visto nunca, me dijo que pertenec\u00eda a una ONG de Estados Unidos y que ven\u00eda de apoyo a la fundaci\u00f3n de Luicio Dupuy. Me hablaba con un dialecto tratando de mezclar mal el ingl\u00e9s con el castellano, digo mal porque yo s\u00e9 hablar en ingl\u00e9s.&nbsp;<strong>Habl\u00e9 con el abogado que estaba con la ONG y neg\u00f3 que lo conoc\u00eda, despu\u00e9s habl\u00e9 con la abogada y me dijo `qu\u00e9date tranquilo que yo lo dej\u00e9 entrar&#8221;.&nbsp;<\/strong><\/p>\n\n\n\n<p>Prefectura fue alertada por Bocanegra debido al extra\u00f1o actuar de &#8220;El&nbsp;Americano&#8221;.&nbsp;\u201c<strong>Cuando Prefectura quiso ingresar con la orden de la jueza para que se retiraran a sus domicilios los chicos, los hijos de Camila y Macarena, &nbsp;el americano no los dej\u00f3 entrar aduciendo que era de Interpol- esto me lo dice Prefectura-,<\/strong>&nbsp;entonces me llaman de Prefectura para que los autorice a ingresar&nbsp;<\/p>\n\n\n\n<p>Finalmente, el individuo fue detenido y se le confiscaron documentos y papeles del veh\u00edculo en el que se trasladaba.<\/p>\n\n\n\n<p>La situaci\u00f3n se vuelve a\u00fan m\u00e1s compleja ya que Bocanegra destac\u00f3 que el \u201cAmericano\u201d se movilizaba en un veh\u00edculo oscuro sin patente y que, durante su estad\u00eda se moviliz\u00f3 sin problemas por el hotel, manteniendo contacto con los de la organizaci\u00f3n.<\/p>\n","protected":false},"excerpt":{"rendered":"<p>La falta de informaci\u00f3n clara y las m\u00faltiples identidades falsas del individuo han generado un [&hellip;]<\/p>\n","protected":false},"author":1,"featured_media":734,"comment_status":"open","ping_status":"open","sticky":false,"template":"","format":"standard","meta":{"footnotes":""},"categories":[1],"tags":[],"_links":{"self":[{"href":"https:\/\/correntinoticias.com\/index.php\/wp-json\/wp\/v2\/posts\/733"}],"collection":[{"href":"https:\/\/correntinoticias.com\/index.php\/wp-json\/wp\/v2\/posts"}],"about":[{"href":"https:\/\/correntinoticias.com\/index.php\/wp-json\/wp\/v2\/types\/post"}],"author":[{"embeddable":true,"href":"https:\/\/correntinoticias.com\/index.php\/wp-json\/wp\/v2\/users\/1"}],"replies":[{"embeddable":true,"href":"https:\/\/correntinoticias.com\/index.php\/wp-json\/wp\/v2\/comments?post=733"}],"version-history":[{"count":1,"href":"https:\/\/correntinoticias.com\/index.php\/wp-json\/wp\/v2\/posts\/733\/revisions"}],"predecessor-version":[{"id":735,"href":"https:\/\/correntinoticias.com\/index.php\/wp-json\/wp\/v2\/posts\/733\/revisions\/735"}],"wp:featuredmedia":[{"embeddable":true,"href":"https:\/\/correntinoticias.com\/index.php\/wp-json\/wp\/v2\/media\/734"}],"wp:attachment":[{"href":"https:\/\/correntinoticias.com\/index.php\/wp-json\/wp\/v2\/media?parent=733"}],"wp:term":[{"taxonomy":"category","embeddable":true,"href":"https:\/\/correntinoticias.com\/index.php\/wp-json\/wp\/v2\/categories?post=733"},{"taxonomy":"post_tag","embeddable":true,"href":"https:\/\/correntinoticias.com\/index.php\/wp-json\/wp\/v2\/tags?post=733"}],"curies":[{"name":"wp","href":"https:\/\/api.w.org\/{rel}","templated":true}]}}