{"id":719,"date":"2024-07-20T05:26:09","date_gmt":"2024-07-20T05:26:09","guid":{"rendered":"https:\/\/correntinoticias.com\/?p=719"},"modified":"2024-07-26T05:28:56","modified_gmt":"2024-07-26T05:28:56","slug":"boca-unidos-gano-y-arranco-la-revalida-con-el-pie-derecho","status":"publish","type":"post","link":"https:\/\/correntinoticias.com\/index.php\/2024\/07\/20\/boca-unidos-gano-y-arranco-la-revalida-con-el-pie-derecho\/","title":{"rendered":"BOCA UNIDOS GAN\u00d3 Y ARRANC\u00d3 LA REV\u00c1LIDA CON EL PIE DERECHO"},"content":{"rendered":"\n<p>El equipo correntino venci\u00f3 2 a 1 a Gimnasia y Esgrima de Concepci\u00f3n del Uruguay por la primera fecha de la Rev\u00e1lida B del Federal A.\u00a0<\/p>\n\n\n\n<p>Boca Unidos venci\u00f3 2 a 1 a Gimnasia y Esgrima de Concepci\u00f3n del Uruguay en la primera fecha de la Rev\u00e1lida B del Federal A, iniciando con \u00e9xito su participaci\u00f3n en esta etapa del torneo.\u00a0El partido se disput\u00f3 en el Estadio Leoncio Ben\u00edtez, donde Boca Unidos se impuso con goles de Mart\u00edn Ojeda y Pablo Cuevas.\u00a0<\/p>\n\n\n\n<p>Ojeda abri\u00f3 el marcador a los 11 minutos con un cabezazo tras un centro de Joaqu\u00edn Livera. Ocho minutos m\u00e1s tarde, Cuevas ampli\u00f3 la ventaja con un potente disparo al \u00e1ngulo superior izquierdo del arquero entrerriano.<\/p>\n\n\n\n<p>Gimnasia y Esgrima sufri\u00f3 un golpe adicional a los 26 minutos cuando Carlos Rothermel fue expulsado por doble amarilla, dej\u00e1ndolos con diez jugadores en el campo.<\/p>\n\n\n\n<p>Sin embargo, el equipo visitante logr\u00f3 descontar antes del final del primer tiempo, con un gol de Nicol\u00e1s Germanier, quien marc\u00f3 con una volea de zurda a los 44 minutos.<\/p>\n\n\n\n<p>En la segunda mitad, el equipo dirigido por Roberto Maroni mostr\u00f3 una gran actuaci\u00f3n y busc\u00f3 aumentar la diferencia, aunque no lograron concretar m\u00e1s goles.<\/p>\n\n\n\n<p><\/p>\n","protected":false},"excerpt":{"rendered":"<p>El equipo correntino venci\u00f3 2 a 1 a Gimnasia y Esgrima de Concepci\u00f3n del Uruguay [&hellip;]<\/p>\n","protected":false},"author":1,"featured_media":720,"comment_status":"open","ping_status":"open","sticky":false,"template":"","format":"standard","meta":{"footnotes":""},"categories":[1],"tags":[],"_links":{"self":[{"href":"https:\/\/correntinoticias.com\/index.php\/wp-json\/wp\/v2\/posts\/719"}],"collection":[{"href":"https:\/\/correntinoticias.com\/index.php\/wp-json\/wp\/v2\/posts"}],"about":[{"href":"https:\/\/correntinoticias.com\/index.php\/wp-json\/wp\/v2\/types\/post"}],"author":[{"embeddable":true,"href":"https:\/\/correntinoticias.com\/index.php\/wp-json\/wp\/v2\/users\/1"}],"replies":[{"embeddable":true,"href":"https:\/\/correntinoticias.com\/index.php\/wp-json\/wp\/v2\/comments?post=719"}],"version-history":[{"count":1,"href":"https:\/\/correntinoticias.com\/index.php\/wp-json\/wp\/v2\/posts\/719\/revisions"}],"predecessor-version":[{"id":721,"href":"https:\/\/correntinoticias.com\/index.php\/wp-json\/wp\/v2\/posts\/719\/revisions\/721"}],"wp:featuredmedia":[{"embeddable":true,"href":"https:\/\/correntinoticias.com\/index.php\/wp-json\/wp\/v2\/media\/720"}],"wp:attachment":[{"href":"https:\/\/correntinoticias.com\/index.php\/wp-json\/wp\/v2\/media?parent=719"}],"wp:term":[{"taxonomy":"category","embeddable":true,"href":"https:\/\/correntinoticias.com\/index.php\/wp-json\/wp\/v2\/categories?post=719"},{"taxonomy":"post_tag","embeddable":true,"href":"https:\/\/correntinoticias.com\/index.php\/wp-json\/wp\/v2\/tags?post=719"}],"curies":[{"name":"wp","href":"https:\/\/api.w.org\/{rel}","templated":true}]}}