{"id":716,"date":"2024-07-20T05:23:02","date_gmt":"2024-07-20T05:23:02","guid":{"rendered":"https:\/\/correntinoticias.com\/?p=716"},"modified":"2024-07-26T05:28:52","modified_gmt":"2024-07-26T05:28:52","slug":"detuvieron-a-un-joven-por-atacar-a-otro-con-un-hacha-tras-una-discusion","status":"publish","type":"post","link":"https:\/\/correntinoticias.com\/index.php\/2024\/07\/20\/detuvieron-a-un-joven-por-atacar-a-otro-con-un-hacha-tras-una-discusion\/","title":{"rendered":"DETUVIERON A UN JOVEN POR ATACAR A OTRO CON UN HACHA TRAS UNA DISCUSI\u00d3N"},"content":{"rendered":"\n<p>Ambos sujetos manten\u00edan conflictos personales anteriores, segun fuentes policiales. Tras la agresi\u00f3n, el atacante huy\u00f3 del lugar, pero fue capturado a unas cuadras del incidente por personal de la Comisar\u00eda de Pampa del Indio.<\/p>\n\n\n\n<p>En la ma\u00f1ana de este domingo, un joven fue detenido en Pampa del Indio, Chaco, tras agredir a otro con un hacha durante una discusi\u00f3n. El incidente ocurri\u00f3 en el barrio Parque Industrial.<\/p>\n\n\n\n<p>El ataque se produjo alrededor de las 10:45, cuando la v\u00edctima, un joven de 18 a\u00f1os, se encontraba con varios amigos consumiendo bebidas alcoh\u00f3licas. El agresor, un hombre de 21 a\u00f1os, lleg\u00f3 al lugar con el hacha y, tras una disputa previa entre ambos, lo hiri\u00f3 en la cara y la cabeza.<\/p>\n\n\n\n<p>De acuerdo con las fuentes policiales, los dos hombres hab\u00edan tenido conflictos personales anteriores. Tras la agresi\u00f3n, el atacante huy\u00f3 del lugar, pero fue capturado por personal de la Comisar\u00eda local a unas cuadras del incidente.<\/p>\n\n\n\n<p>El detenido, junto con el hacha utilizada en el ataque, fue trasladado a la comisar\u00eda, donde se iniciaron las actuaciones correspondientes bajo la car\u00e1tula de &#8220;Supuestas Lesiones Leves con Arma Blanca&#8221;.<\/p>\n","protected":false},"excerpt":{"rendered":"<p>Ambos sujetos manten\u00edan conflictos personales anteriores, segun fuentes policiales. Tras la agresi\u00f3n, el atacante huy\u00f3 [&hellip;]<\/p>\n","protected":false},"author":1,"featured_media":717,"comment_status":"open","ping_status":"open","sticky":false,"template":"","format":"standard","meta":{"footnotes":""},"categories":[1],"tags":[],"_links":{"self":[{"href":"https:\/\/correntinoticias.com\/index.php\/wp-json\/wp\/v2\/posts\/716"}],"collection":[{"href":"https:\/\/correntinoticias.com\/index.php\/wp-json\/wp\/v2\/posts"}],"about":[{"href":"https:\/\/correntinoticias.com\/index.php\/wp-json\/wp\/v2\/types\/post"}],"author":[{"embeddable":true,"href":"https:\/\/correntinoticias.com\/index.php\/wp-json\/wp\/v2\/users\/1"}],"replies":[{"embeddable":true,"href":"https:\/\/correntinoticias.com\/index.php\/wp-json\/wp\/v2\/comments?post=716"}],"version-history":[{"count":1,"href":"https:\/\/correntinoticias.com\/index.php\/wp-json\/wp\/v2\/posts\/716\/revisions"}],"predecessor-version":[{"id":718,"href":"https:\/\/correntinoticias.com\/index.php\/wp-json\/wp\/v2\/posts\/716\/revisions\/718"}],"wp:featuredmedia":[{"embeddable":true,"href":"https:\/\/correntinoticias.com\/index.php\/wp-json\/wp\/v2\/media\/717"}],"wp:attachment":[{"href":"https:\/\/correntinoticias.com\/index.php\/wp-json\/wp\/v2\/media?parent=716"}],"wp:term":[{"taxonomy":"category","embeddable":true,"href":"https:\/\/correntinoticias.com\/index.php\/wp-json\/wp\/v2\/categories?post=716"},{"taxonomy":"post_tag","embeddable":true,"href":"https:\/\/correntinoticias.com\/index.php\/wp-json\/wp\/v2\/tags?post=716"}],"curies":[{"name":"wp","href":"https:\/\/api.w.org\/{rel}","templated":true}]}}