{"id":710,"date":"2024-07-20T05:19:27","date_gmt":"2024-07-20T05:19:27","guid":{"rendered":"https:\/\/correntinoticias.com\/?p=710"},"modified":"2024-07-26T05:28:43","modified_gmt":"2024-07-26T05:28:43","slug":"detenidos-por-robar-una-moto-uno-era-guardia-de-seguridad","status":"publish","type":"post","link":"https:\/\/correntinoticias.com\/index.php\/2024\/07\/20\/detenidos-por-robar-una-moto-uno-era-guardia-de-seguridad\/","title":{"rendered":"DETENIDOS POR ROBAR UNA MOTO: UNO ERA GUARDIA DE SEGURIDAD"},"content":{"rendered":"\n<p>\u200bEfectivos de la Unidad Especial Anti Arrebatos de la Polic\u00eda de Corrientes realizaron un operativo tras la difusi\u00f3n de un video en el que dos sujetos roban una motocicleta. Uno de ellos trabajaba como guardia de seguridad privada, aunque al momento de cometer el delito no estaba trabajando. \u00a0 \u00a0<\/p>\n\n\n\n<p>Un hombre de apellido G\u00f3mez denunci\u00f3 el robo de su motocicleta marca Bajaj de 400cc y aport\u00f3 im\u00e1genes de c\u00e1maras de seguridad en las que se ve a dos personas cometiendo el delito. Los polic\u00edas demoraron a los dos ladrones que iban uno de ellos en la motocicleta mencionada y otro en una Honda XR 150cc.<\/p>\n\n\n\n<p>Al revisar los antecedentes de los demorados, los polic\u00edas comprobaron que uno de ellos, de apellido Aguirre, trabaja como guardia de seguridad, aunque no estaba en sus funciones al momento de cometer el delito.\u00a0<\/p>\n","protected":false},"excerpt":{"rendered":"<p>\u200bEfectivos de la Unidad Especial Anti Arrebatos de la Polic\u00eda de Corrientes realizaron un operativo [&hellip;]<\/p>\n","protected":false},"author":1,"featured_media":711,"comment_status":"open","ping_status":"open","sticky":false,"template":"","format":"standard","meta":{"footnotes":""},"categories":[1],"tags":[],"_links":{"self":[{"href":"https:\/\/correntinoticias.com\/index.php\/wp-json\/wp\/v2\/posts\/710"}],"collection":[{"href":"https:\/\/correntinoticias.com\/index.php\/wp-json\/wp\/v2\/posts"}],"about":[{"href":"https:\/\/correntinoticias.com\/index.php\/wp-json\/wp\/v2\/types\/post"}],"author":[{"embeddable":true,"href":"https:\/\/correntinoticias.com\/index.php\/wp-json\/wp\/v2\/users\/1"}],"replies":[{"embeddable":true,"href":"https:\/\/correntinoticias.com\/index.php\/wp-json\/wp\/v2\/comments?post=710"}],"version-history":[{"count":1,"href":"https:\/\/correntinoticias.com\/index.php\/wp-json\/wp\/v2\/posts\/710\/revisions"}],"predecessor-version":[{"id":712,"href":"https:\/\/correntinoticias.com\/index.php\/wp-json\/wp\/v2\/posts\/710\/revisions\/712"}],"wp:featuredmedia":[{"embeddable":true,"href":"https:\/\/correntinoticias.com\/index.php\/wp-json\/wp\/v2\/media\/711"}],"wp:attachment":[{"href":"https:\/\/correntinoticias.com\/index.php\/wp-json\/wp\/v2\/media?parent=710"}],"wp:term":[{"taxonomy":"category","embeddable":true,"href":"https:\/\/correntinoticias.com\/index.php\/wp-json\/wp\/v2\/categories?post=710"},{"taxonomy":"post_tag","embeddable":true,"href":"https:\/\/correntinoticias.com\/index.php\/wp-json\/wp\/v2\/tags?post=710"}],"curies":[{"name":"wp","href":"https:\/\/api.w.org\/{rel}","templated":true}]}}