{"id":700,"date":"2024-06-19T06:44:01","date_gmt":"2024-06-19T06:44:01","guid":{"rendered":"https:\/\/correntinoticias.com\/?p=700"},"modified":"2024-06-26T06:48:40","modified_gmt":"2024-06-26T06:48:40","slug":"sigue-la-busqueda-descartaron-la-presencia-de-loan-en-resistencia","status":"publish","type":"post","link":"https:\/\/correntinoticias.com\/index.php\/2024\/06\/19\/sigue-la-busqueda-descartaron-la-presencia-de-loan-en-resistencia\/","title":{"rendered":"SIGUE LA B\u00daSQUEDA: DESCARTARON LA PRESENCIA DE LOAN EN RESISTENCIA"},"content":{"rendered":"\n<p>Alejandro Dom\u00ednguez, jefe de prensa de la Polic\u00eda del Chaco, confirm\u00f3 que, tras analizar un video viral de una camioneta blanca que fue denunciada, se descart\u00f3 que el peque\u00f1o de 5 a\u00f1os est\u00e9 en la capital chaque\u00f1a.&nbsp;<\/p>\n\n\n\n<p>En las \u00faltimas horas, la Polic\u00eda del Chaco estuvo en alerta m\u00e1xima tras una denuncia que manifestaba que Loan Pe\u00f1a, el ni\u00f1o de cinco a\u00f1os desaparecido en Corrientes, fue visto en Resistencia. Alejandro Dom\u00ednguez, jefe de prensa de la Polic\u00eda de la provincia, brind\u00f3 detalles sobre las acciones tomadas y los resultados obtenidos.<\/p>\n\n\n\n<p>Dom\u00ednguez detall\u00f3 que, tras un llamado al 911, se recibi\u00f3 informaci\u00f3n sobre una camioneta blanca vista frente al hotel Galas Convenciones en la Ruta Nacional 11, cerca del Aeropuerto Internacional de Resistencia.<\/p>\n\n\n\n<p>Seg\u00fan el informante, la camioneta se detuvo y un hombre y un ni\u00f1o descendieron. Dicho menor parec\u00eda descompuesto, vomit\u00f3 y luego ambos se retiraron hacia R\u00edo Salado. En respuesta, el departamento de lucha contra la trata de personas revis\u00f3 las c\u00e1maras de seguridad del hotel.<\/p>\n\n\n\n<p><strong><em>\u201cObservamos que el jueves 13 de junio, alrededor de las 12 horas, una camioneta se estacion\u00f3 y un hombre descendi\u00f3 para dirigirse a una parada de colectivos. Luego, la camioneta continu\u00f3 hacia Formosa. Sin embargo, la informaci\u00f3n no coincide con los horarios de la desaparici\u00f3n de Loan, ya que \u00e9l estuvo almorzando con su familia ese mediod\u00eda y la denuncia se realiz\u00f3 el jueves\u201d<\/em><\/strong>, explic\u00f3 Dom\u00ednguez.<\/p>\n\n\n\n<p>De esta manera, Dom\u00ednguez confirm\u00f3 que, tras analizar la fecha y el horario, se descart\u00f3 que el ni\u00f1o visto en el video fuera Loan.&nbsp;<strong><em>\u201cEl Departamento de Lucha contra la Trata de Personas nos informa que el ni\u00f1o visto en ese veh\u00edculo no coincide con Loan\u201d<\/em><\/strong>, afirm\u00f3.<\/p>\n\n\n\n<p>Por \u00faltimo, el jefe de prensa hizo un llamado a la comunidad para el uso responsable de las l\u00edneas de emergencia del 911.&nbsp;<\/p>\n\n\n\n<p><em><strong>\u201cEstamos muy preocupados por la b\u00fasqueda de Loan. Hemos activado el protocolo Sof\u00eda a trav\u00e9s del Sistema Federal de B\u00fasqueda de Personas (SIFEBU), y todas las fuerzas de seguridad del pa\u00eds est\u00e1n en alerta\u201d<\/strong><\/em>, inform\u00f3 Dom\u00ednguez.<\/p>\n\n\n\n<p>La Polic\u00eda del Chaco est\u00e1 colaborando en el terreno donde Loan fue visto por \u00faltima vez, junto a un equipo del departamento de canes, que incluye perros entrenados para buscar personas vivas y cad\u00e1veres.&nbsp;<\/p>\n\n\n\n<p><strong><em>\u201cToda informaci\u00f3n recibida es minuciosamente analizada. Pedimos que se utilice el 911 de manera responsable, ya que bromas o denuncias infundadas distraen recursos valiosos de la b\u00fasqueda de Loan. Cualquier informaci\u00f3n relevante debe ser reportada inmediatamente\u201d<\/em><\/strong>, inst\u00f3 Dom\u00ednguez.<\/p>\n\n\n\n<p>Loan, de cinco a\u00f1os, es un ni\u00f1o de tez blanca, cabello casta\u00f1o claro y una caracter\u00edstica particular en su cabello, un remolino notable. La \u00faltima vez que fue visto llevaba una remera negra. Dom\u00ednguez reiter\u00f3:<strong><em>&nbsp;\u201cSi alguien ve a un ni\u00f1o con estas caracter\u00edsticas, por favor, llame al 911 o ac\u00e9rquese a la unidad policial m\u00e1s cercana\u201d<\/em><\/strong>.<\/p>\n\n\n\n<p>https:\/\/googleads.g.doubleclick.net\/pagead\/ads?client=ca-pub-9119761334069526&#038;output=html&#038;h=250&#038;slotname=7697952961&#038;adk=776877305&#038;adf=3591687535&#038;pi=t.ma~as.7697952961&#038;w=300&#038;abgtt=6&#038;lmt=1719384105&#038;format=300&#215;250&#038;url=https%3A%2F%2Fwww.radiosudamericana.com%2Fnota%2Fpoliciales%2F311398-Sigue-la-busqueda&#8211;descartaron-la-presencia-de-Loan-en-Resistencia.htm&#038;wgl=1&#038;uach=WyJXaW5kb3dzIiwiMC4xLjAiLCJ4ODYiLCIiLCIxMDkuMC41NDE0LjEyMCIsbnVsbCwwLG51bGwsIjY0IixbWyJOb3RfQSBCcmFuZCIsIjk5LjAuMC4wIl0sWyJHb29nbGUgQ2hyb21lIiwiMTA5LjAuNTQxNC4xMjAiXSxbIkNocm9taXVtIiwiMTA5LjAuNTQxNC4xMjAiXV0sMF0.&#038;dt=1719384095581&#038;bpp=2&#038;bdt=1102&#038;idt=2487&#038;shv=r20240618&#038;mjsv=m202406200101&#038;ptt=9&#038;saldr=aa&#038;abxe=1&#038;cookie=ID%3D2749e0e5d4bf0063%3AT%3D1718720416%3ART%3D1719383966%3AS%3DALNI_MaRyd4X_og57PEZvP4uixOmGEbWdQ&#038;gpic=UID%3D00000a2eef266068%3AT%3D1718720416%3ART%3D1719383966%3AS%3DALNI_MZe95MO1lABAvelcyxOtXwZ7ECNaQ&#038;eo_id_str=ID%3Db563e9ff9147dffa%3AT%3D1718720416%3ART%3D1719383966%3AS%3DAA-AfjYwq-Tk3Q-OAmGI5cWvc4tQ&#038;prev_fmts=0x0%2C728x90%2C1263x657&#038;nras=2&#038;correlator=2367558985583&#038;frm=20&#038;pv=1&#038;ga_vid=17132431.1718720220&#038;ga_sid=1719373763&#038;ga_hid=2060117107&#038;ga_fc=1&#038;u_tz=-180&#038;u_his=1&#038;u_h=768&#038;u_w=1280&#038;u_ah=728&#038;u_aw=1280&#038;u_cd=24&#038;u_sd=1&#038;dmc=2&#038;adx=147&#038;ady=2366&#038;biw=1263&#038;bih=657&#038;scr_x=0&#038;scr_y=0&#038;eid=44759876%2C44759927%2C44759837%2C31084788%2C44795922%2C95330414%2C95332584%2C95334510%2C95334529%2C95334573%2C95334829%2C95335897%2C95335292&#038;oid=2&#038;pvsid=2813208375312914&#038;tmod=898974253&#038;uas=0&#038;nvt=1&#038;ref=https%3A%2F%2Fwww.radiosudamericana.com%2F2%2F19-06-2024%2Farchivos.htm&#038;fc=1920&#038;brdim=0%2C0%2C0%2C0%2C1280%2C0%2C0%2C0%2C1280%2C657&#038;vis=1&#038;rsz=%7C%7CoeEbr%7C&#038;abl=CS&#038;pfx=0&#038;fu=0&#038;bc=31&#038;bz=0&#038;psd=W251bGwsbnVsbCxudWxsLDNd&#038;ifi=3&#038;uci=a!3&#038;btvi=1&#038;fsb=1&#038;dtd=9724<\/p>\n","protected":false},"excerpt":{"rendered":"<p>Alejandro Dom\u00ednguez, jefe de prensa de la Polic\u00eda del Chaco, confirm\u00f3 que, tras analizar un [&hellip;]<\/p>\n","protected":false},"author":1,"featured_media":701,"comment_status":"open","ping_status":"open","sticky":false,"template":"","format":"standard","meta":{"footnotes":""},"categories":[1],"tags":[],"_links":{"self":[{"href":"https:\/\/correntinoticias.com\/index.php\/wp-json\/wp\/v2\/posts\/700"}],"collection":[{"href":"https:\/\/correntinoticias.com\/index.php\/wp-json\/wp\/v2\/posts"}],"about":[{"href":"https:\/\/correntinoticias.com\/index.php\/wp-json\/wp\/v2\/types\/post"}],"author":[{"embeddable":true,"href":"https:\/\/correntinoticias.com\/index.php\/wp-json\/wp\/v2\/users\/1"}],"replies":[{"embeddable":true,"href":"https:\/\/correntinoticias.com\/index.php\/wp-json\/wp\/v2\/comments?post=700"}],"version-history":[{"count":1,"href":"https:\/\/correntinoticias.com\/index.php\/wp-json\/wp\/v2\/posts\/700\/revisions"}],"predecessor-version":[{"id":702,"href":"https:\/\/correntinoticias.com\/index.php\/wp-json\/wp\/v2\/posts\/700\/revisions\/702"}],"wp:featuredmedia":[{"embeddable":true,"href":"https:\/\/correntinoticias.com\/index.php\/wp-json\/wp\/v2\/media\/701"}],"wp:attachment":[{"href":"https:\/\/correntinoticias.com\/index.php\/wp-json\/wp\/v2\/media?parent=700"}],"wp:term":[{"taxonomy":"category","embeddable":true,"href":"https:\/\/correntinoticias.com\/index.php\/wp-json\/wp\/v2\/categories?post=700"},{"taxonomy":"post_tag","embeddable":true,"href":"https:\/\/correntinoticias.com\/index.php\/wp-json\/wp\/v2\/tags?post=700"}],"curies":[{"name":"wp","href":"https:\/\/api.w.org\/{rel}","templated":true}]}}